{"id":768,"date":"2020-04-08T03:56:28","date_gmt":"2020-04-08T06:56:28","guid":{"rendered":"http:\/\/victorhutt.com.ar\/?p=768"},"modified":"2020-05-19T20:10:21","modified_gmt":"2020-05-19T23:10:21","slug":"lengua-y-literatura-para-1ro-a-y-c-segunda-actividad","status":"publish","type":"post","link":"https:\/\/victorhutt.com.ar\/index.php\/2020\/04\/08\/lengua-y-literatura-para-1ro-a-y-c-segunda-actividad\/","title":{"rendered":"Lengua y literatura para 1ro A y C &#8211; segunda actividad"},"content":{"rendered":"\n<h3 class=\"wp-block-heading\">LENGUA Y LITERATURA&nbsp;&nbsp;&nbsp;&nbsp;&nbsp;&nbsp;&nbsp;&nbsp;&nbsp;&nbsp;&nbsp;&nbsp;&nbsp;&nbsp;&nbsp;&nbsp;&nbsp;&nbsp;&nbsp;&nbsp;&nbsp; 1\u00ba A\u00d1O divisiones A y C <\/h3>\n\n\n\n<h3 class=\"wp-block-heading\">Prof.: Daniela E. Evequoz<\/h3>\n\n\n\n<h3 class=\"wp-block-heading\">#Actividades de ortograf\u00eda<\/h3>\n\n\n\n<h3 class=\"wp-block-heading\">1&nbsp;Todas las palabras siguientes son agudas:\nAMAR, BEBI\u00d3, COSER, MEL\u00d3N, SOF\u00c1S.<\/h3>\n\n\n\n<p>&nbsp;Verdadero, todas son agudas.<\/p>\n\n\n\n<p>&nbsp;Falso, todas son graves<\/p>\n\n\n\n<p>&nbsp;Todas son agudas, excepto SOF\u00c1S.<\/p>\n\n\n\n<h3 class=\"wp-block-heading\">#2&nbsp;La palabra \u00abo\u00bb no debe llevar tilde\nnunca.<\/h3>\n\n\n\n<p>&nbsp;Falso. Entre palabras (cinco o seis, por ejemplo) no\nlleva, pero s\u00ed entre cifras (5 \u00f3 6)<\/p>\n\n\n\n<p>&nbsp;Verdadero.<\/p>\n\n\n\n<h3 class=\"wp-block-heading\">#3&nbsp;Las palabras esdr\u00fajulas y sobreesdr\u00fajulas\nsiempre llevan tilde. \u00bfCu\u00e1l de las siguientes palabras es sobreesdr\u00fajula?<\/h3>\n\n\n\n<p>&nbsp;M\u00cdRALO<\/p>\n\n\n\n<p>&nbsp;C\u00c1NTARO<\/p>\n\n\n\n<p>&nbsp;P\u00c1JARO<\/p>\n\n\n\n<p>&nbsp;ESPECT\u00c1CULO<\/p>\n\n\n\n<p>&nbsp;C\u00d3METELO<\/p>\n\n\n\n<h3 class=\"wp-block-heading\">#4&nbsp;\u00bfQu\u00e9 palabra es correcta?<\/h3>\n\n\n\n<p>&nbsp;EXUBERANTE<\/p>\n\n\n\n<p>&nbsp;EXPECTADOR <\/p>\n\n\n\n<p>&nbsp;EXPECTACION<\/p>\n\n\n\n<p>&nbsp;EXHUBERATE<\/p>\n\n\n\n<h3 class=\"wp-block-heading\">#5&nbsp;\u00bfC\u00f3mo se escribe la segunda persona del\nplural del presente de indicativo del verbo SABER?<\/h3>\n\n\n\n<p>&nbsp;SAB\u00c9IS (con tilde)<\/p>\n\n\n\n<p>&nbsp;SABEIS (sin tilde)<\/p>\n\n\n\n<h3 class=\"wp-block-heading\">#6&nbsp;\u00bfQu\u00e9 palabra de las siguientes es\nincorrecta?<\/h3>\n\n\n\n<p>&nbsp;CIRUJANO<\/p>\n\n\n\n<p>&nbsp;CIRUG\u00cdA<\/p>\n\n\n\n<p>&nbsp;CIRUJ\u00cdA<\/p>\n\n\n\n<p>&nbsp;QUIR\u00daGICO <\/p>\n\n\n\n<h3 class=\"wp-block-heading\">#7&nbsp;Selecciona el gerundio que est\u00e1 escrito\nincorrectamente.<\/h3>\n\n\n\n<p>&nbsp;PUDRIENDO<\/p>\n\n\n\n<p>&nbsp;PODRIENDO<\/p>\n\n\n\n<p>&nbsp;PODIENDO<\/p>\n\n\n\n<p>&nbsp;PUDIENDO<\/p>\n\n\n\n<h3 class=\"wp-block-heading\">#8&nbsp;\u00bfQu\u00e9 palabra no es &nbsp;grave?<\/h3>\n\n\n\n<p>&nbsp;RADAR<\/p>\n\n\n\n<p>&nbsp;EXAMEN<\/p>\n\n\n\n<p>&nbsp;F\u00daTBOL<\/p>\n\n\n\n<p>&nbsp;MESA<\/p>\n\n\n\n<p>&nbsp;C\u00c9SPED<\/p>\n\n\n\n<h3 class=\"wp-block-heading\">#9&nbsp;\u00bfQu\u00e9 expresi\u00f3n es la \u00fanica correcta?<\/h3>\n\n\n\n<p>&nbsp;Todas son incorrectas.<\/p>\n\n\n\n<p>&nbsp;ENCIMA SUYA<\/p>\n\n\n\n<p>&nbsp;AL LADO SUYA<\/p>\n\n\n\n<p>&nbsp;AL LADO SUYO<\/p>\n\n\n\n<p>&nbsp;DETR\u00c1S M\u00cdO<\/p>\n\n\n\n<p>&nbsp;DELANTE TUYO<\/p>\n\n\n\n<p>&nbsp;Todas son correctas.<\/p>\n\n\n\n<h3 class=\"wp-block-heading\">#10&nbsp;Selecciona la palabra\nincorrecta.<\/h3>\n\n\n\n<p>&nbsp;AMBAGES<\/p>\n\n\n\n<p>&nbsp;GARAJE<\/p>\n\n\n\n<p>&nbsp;GARAGE<\/p>\n\n\n\n<p>&nbsp;ESPIONAJE<\/p>\n\n\n\n<p>&nbsp;LINAJE<\/p>\n\n\n\n<h3 class=\"wp-block-heading\">#11&nbsp;\u00bfCu\u00e1l es la primera\npersona del singular del pret\u00e9rito perfecto simple de indicativo de \u00abandar\u00bb?<\/h3>\n\n\n\n<p>&nbsp;AND\u00c9<\/p>\n\n\n\n<p>&nbsp;ANDUVE<\/p>\n\n\n\n<p>&nbsp;ANDE<\/p>\n\n\n\n<h3 class=\"wp-block-heading\">#12&nbsp;\u00bfEn qu\u00e9 oraci\u00f3n hay\nun error en el uso de los signos de puntuaci\u00f3n?<\/h3>\n\n\n\n<p>&nbsp;Su padre fue al cine.<\/p>\n\n\n\n<p>&nbsp;Su padre, fue al cine.<\/p>\n\n\n\n<p>&nbsp;Son correctas las dos oraciones.<\/p>\n\n\n\n<h3 class=\"wp-block-heading\">#13&nbsp;Detr\u00e1s de una oraci\u00f3n\nque termina en signo de interrogaci\u00f3n o exclamaci\u00f3n, \u00bfhay que poner punto?<\/h3>\n\n\n\n<p>&nbsp;Verdadero.<\/p>\n\n\n\n<p>&nbsp;Depende del contexto en el que se sit\u00fae.<\/p>\n\n\n\n<p>&nbsp;Falso. Podr\u00eda ponerse una coma, pero es incorrecto el\npunto (sea punto final, punto y aparte, punto y seguido) si la oraci\u00f3n\ninterrogativa o exclamativa ha terminado.<\/p>\n\n\n\n<h3 class=\"wp-block-heading\">#14&nbsp;\u00bfA qu\u00e9 palabra le\nfalta una tilde?<\/h3>\n\n\n\n<p>&nbsp;M\u00c1STERES<\/p>\n\n\n\n<p>&nbsp;ESPECIMENES<\/p>\n\n\n\n<p>&nbsp;EX\u00c1MENES<\/p>\n\n\n\n<p>&nbsp;CARACTERES<\/p>\n\n\n\n<p>&nbsp;REV\u00d3LVERES<\/p>\n\n\n\n<h3 class=\"wp-block-heading\">#15&nbsp;\u00bfEs correcta la\nsiguiente oraci\u00f3n? \u00abCompraron tomates, lechugas, pepinillos\u2026, etc.<\/h3>\n\n\n\n<p>&nbsp;S\u00ed es correcta.<\/p>\n\n\n\n<p>&nbsp;No, pues &#8220;compraron&#8221; es aguda y necesita tilde.<\/p>\n\n\n\n<p>&nbsp;No, porque es incompatible la presencia de la abreviatura\n&#8220;etc.&#8221; y los puntos suspensivos.<\/p>\n\n\n\n<h3 class=\"wp-block-heading\">#16&nbsp;Selecciona la \u00fanica\npalabra correcta.<\/h3>\n\n\n\n<p>&nbsp;EXHAUSTO<\/p>\n\n\n\n<p>&nbsp;EXHIBICION<\/p>\n\n\n\n<p>&nbsp;EXCLAVO<\/p>\n\n\n\n<p>&nbsp;EXPLENDOR<\/p>\n\n\n\n<h3 class=\"wp-block-heading\">#17&nbsp;\u00bfQu\u00e9 palabras son\nincorrectas en la siguiente oraci\u00f3n? \u00abLA GRUA DE LA POLICIA SE LLEV\u00d3 EL\nVEHICULO QUE HABIA ESTACIONADO EN EL PUERTA DEL GARAJE\u00bb.<\/h3>\n\n\n\n<p>&nbsp;POLIC\u00cdA, HAB\u00cdA (a las dos les falta la tilde)-<\/p>\n\n\n\n<p>&nbsp;GR\u00daA, POLIC\u00cdA, GARAJE (a las dos primeras les falta la\ntilde y &#8220;garaje&#8221; se escribe con &#8220;g&#8221;).<\/p>\n\n\n\n<p>&nbsp;GR\u00daA, POLIC\u00cdA, HAB\u00cdA, VEH\u00cdCULO (a las cuatro les falta la\ntilde).<\/p>\n\n\n\n<h3 class=\"wp-block-heading\">#18&nbsp;\u00bfEs correcta la\noraci\u00f3n siguiente? \u00abJUAN SE HA IDO A SU CASA PORQUE VA HA COMER\u00bb.<\/h3>\n\n\n\n<p>&nbsp;S\u00ed.<\/p>\n\n\n\n<p>&nbsp;No, porque hay dos errores: la &#8220;a&#8221; de &#8220;ha\nido&#8221; debe llevar &#8220;h&#8221;, y la &#8220;ha&#8221; final no debe\nllevarla.<\/p>\n\n\n\n<p><strong>#19<\/strong><strong>&nbsp;\u00bfDeben llevar tilde las abreviaturas? Por ejemplo: p\u00e1g.,\nn\u00fam., tel\u00e9f.<\/strong><\/p>\n\n\n\n<p>&nbsp;S\u00ed, deben llevarla.<\/p>\n\n\n\n<p>&nbsp;No, no deben llevarla.<\/p>\n\n\n\n<h3 class=\"wp-block-heading\">#20&nbsp;Las palabras VIO,\nDIO, FUE y FUI deben llevar tilde en la \u00faltima vocal.<\/h3>\n\n\n\n<p>&nbsp;S\u00ed deben llevarla: vi\u00f3, di\u00f3, fu\u00e9, fu\u00ed.<\/p>\n\n\n\n<p>&nbsp;No deben llevarla, pues son monos\u00edlabos.<\/p>\n<div class=\"pvc_clear\"><\/div><p id=\"pvc_stats_768\" class=\"pvc_stats all  \" data-element-id=\"768\" style=\"\"><i class=\"pvc-stats-icon medium\" aria-hidden=\"true\"><svg aria-hidden=\"true\" focusable=\"false\" data-prefix=\"far\" data-icon=\"chart-bar\" role=\"img\" xmlns=\"http:\/\/www.w3.org\/2000\/svg\" viewBox=\"0 0 512 512\" class=\"svg-inline--fa fa-chart-bar fa-w-16 fa-2x\"><path fill=\"currentColor\" d=\"M396.8 352h22.4c6.4 0 12.8-6.4 12.8-12.8V108.8c0-6.4-6.4-12.8-12.8-12.8h-22.4c-6.4 0-12.8 6.4-12.8 12.8v230.4c0 6.4 6.4 12.8 12.8 12.8zm-192 0h22.4c6.4 0 12.8-6.4 12.8-12.8V140.8c0-6.4-6.4-12.8-12.8-12.8h-22.4c-6.4 0-12.8 6.4-12.8 12.8v198.4c0 6.4 6.4 12.8 12.8 12.8zm96 0h22.4c6.4 0 12.8-6.4 12.8-12.8V204.8c0-6.4-6.4-12.8-12.8-12.8h-22.4c-6.4 0-12.8 6.4-12.8 12.8v134.4c0 6.4 6.4 12.8 12.8 12.8zM496 400H48V80c0-8.84-7.16-16-16-16H16C7.16 64 0 71.16 0 80v336c0 17.67 14.33 32 32 32h464c8.84 0 16-7.16 16-16v-16c0-8.84-7.16-16-16-16zm-387.2-48h22.4c6.4 0 12.8-6.4 12.8-12.8v-70.4c0-6.4-6.4-12.8-12.8-12.8h-22.4c-6.4 0-12.8 6.4-12.8 12.8v70.4c0 6.4 6.4 12.8 12.8 12.8z\" class=\"\"><\/path><\/svg><\/i> <img loading=\"lazy\" decoding=\"async\" width=\"16\" height=\"16\" alt=\"Loading\" src=\"https:\/\/victorhutt.com.ar\/wp-content\/plugins\/page-views-count\/ajax-loader-2x.gif\" border=0 \/><\/p><div class=\"pvc_clear\"><\/div>","protected":false},"excerpt":{"rendered":"<p>LENGUA Y LITERATURA&nbsp;&nbsp;&nbsp;&nbsp;&nbsp;&nbsp;&nbsp;&nbsp;&nbsp;&nbsp;&nbsp;&nbsp;&nbsp;&nbsp;&nbsp;&nbsp;&nbsp;&nbsp;&nbsp;&nbsp;&nbsp; 1\u00ba A\u00d1O divisiones A y C Prof.: Daniela E. Evequoz #Actividades de ortograf\u00eda 1&nbsp;Todas las palabras siguientes son agudas: AMAR, BEBI\u00d3, COSER, MEL\u00d3N, SOF\u00c1S. &nbsp;Verdadero, todas son agudas. &nbsp;Falso, todas son graves &nbsp;Todas son agudas, excepto SOF\u00c1S. #2&nbsp;La palabra \u00abo\u00bb no debe llevar tilde nunca. &nbsp;Falso. Entre palabras (cinco o seis, por ejemplo) no lleva, pero s\u00ed entre cifras (5 \u00f3 6) &nbsp;Verdadero. #3&nbsp;Las palabras esdr\u00fajulas y sobreesdr\u00fajulas siempre llevan tilde. \u00bfCu\u00e1l de las siguientes palabras es sobreesdr\u00fajula? &nbsp;M\u00cdRALO &nbsp;C\u00c1NTARO &nbsp;P\u00c1JARO &nbsp;ESPECT\u00c1CULO &nbsp;C\u00d3METELO #4&nbsp;\u00bfQu\u00e9 palabra es correcta? &nbsp;EXUBERANTE &nbsp;EXPECTADOR &nbsp;EXPECTACION &nbsp;EXHUBERATE #5&nbsp;\u00bfC\u00f3mo se escribe la segunda persona<\/p>\n<div class=\"pvc_clear\"><\/div>\n<p id=\"pvc_stats_768\" class=\"pvc_stats all  \" data-element-id=\"768\" style=\"\"><i class=\"pvc-stats-icon medium\" aria-hidden=\"true\"><svg aria-hidden=\"true\" focusable=\"false\" data-prefix=\"far\" data-icon=\"chart-bar\" role=\"img\" xmlns=\"http:\/\/www.w3.org\/2000\/svg\" viewBox=\"0 0 512 512\" class=\"svg-inline--fa fa-chart-bar fa-w-16 fa-2x\"><path fill=\"currentColor\" d=\"M396.8 352h22.4c6.4 0 12.8-6.4 12.8-12.8V108.8c0-6.4-6.4-12.8-12.8-12.8h-22.4c-6.4 0-12.8 6.4-12.8 12.8v230.4c0 6.4 6.4 12.8 12.8 12.8zm-192 0h22.4c6.4 0 12.8-6.4 12.8-12.8V140.8c0-6.4-6.4-12.8-12.8-12.8h-22.4c-6.4 0-12.8 6.4-12.8 12.8v198.4c0 6.4 6.4 12.8 12.8 12.8zm96 0h22.4c6.4 0 12.8-6.4 12.8-12.8V204.8c0-6.4-6.4-12.8-12.8-12.8h-22.4c-6.4 0-12.8 6.4-12.8 12.8v134.4c0 6.4 6.4 12.8 12.8 12.8zM496 400H48V80c0-8.84-7.16-16-16-16H16C7.16 64 0 71.16 0 80v336c0 17.67 14.33 32 32 32h464c8.84 0 16-7.16 16-16v-16c0-8.84-7.16-16-16-16zm-387.2-48h22.4c6.4 0 12.8-6.4 12.8-12.8v-70.4c0-6.4-6.4-12.8-12.8-12.8h-22.4c-6.4 0-12.8 6.4-12.8 12.8v70.4c0 6.4 6.4 12.8 12.8 12.8z\" class=\"\"><\/path><\/svg><\/i> <img loading=\"lazy\" decoding=\"async\" width=\"16\" height=\"16\" alt=\"Loading\" src=\"https:\/\/victorhutt.com.ar\/wp-content\/plugins\/page-views-count\/ajax-loader-2x.gif\" border=0 \/><\/p>\n<div class=\"pvc_clear\"><\/div>\n","protected":false},"author":1,"featured_media":0,"comment_status":"open","ping_status":"open","sticky":false,"template":"","format":"standard","meta":{"om_disable_all_campaigns":false,"_monsterinsights_skip_tracking":false,"_monsterinsights_sitenote_active":false,"_monsterinsights_sitenote_note":"","_monsterinsights_sitenote_category":0,"footnotes":"","_links_to":"","_links_to_target":""},"categories":[21,23,2],"tags":[],"class_list":["post-768","post","type-post","status-publish","format-standard","hentry","category-1a","category-1c","category-esa12"],"a3_pvc":{"activated":true,"total_views":27,"today_views":0},"jetpack_featured_media_url":"","_links":{"self":[{"href":"https:\/\/victorhutt.com.ar\/index.php\/wp-json\/wp\/v2\/posts\/768","targetHints":{"allow":["GET"]}}],"collection":[{"href":"https:\/\/victorhutt.com.ar\/index.php\/wp-json\/wp\/v2\/posts"}],"about":[{"href":"https:\/\/victorhutt.com.ar\/index.php\/wp-json\/wp\/v2\/types\/post"}],"author":[{"embeddable":true,"href":"https:\/\/victorhutt.com.ar\/index.php\/wp-json\/wp\/v2\/users\/1"}],"replies":[{"embeddable":true,"href":"https:\/\/victorhutt.com.ar\/index.php\/wp-json\/wp\/v2\/comments?post=768"}],"version-history":[{"count":1,"href":"https:\/\/victorhutt.com.ar\/index.php\/wp-json\/wp\/v2\/posts\/768\/revisions"}],"predecessor-version":[{"id":769,"href":"https:\/\/victorhutt.com.ar\/index.php\/wp-json\/wp\/v2\/posts\/768\/revisions\/769"}],"wp:attachment":[{"href":"https:\/\/victorhutt.com.ar\/index.php\/wp-json\/wp\/v2\/media?parent=768"}],"wp:term":[{"taxonomy":"category","embeddable":true,"href":"https:\/\/victorhutt.com.ar\/index.php\/wp-json\/wp\/v2\/categories?post=768"},{"taxonomy":"post_tag","embeddable":true,"href":"https:\/\/victorhutt.com.ar\/index.php\/wp-json\/wp\/v2\/tags?post=768"}],"curies":[{"name":"wp","href":"https:\/\/api.w.org\/{rel}","templated":true}]}}