{"id":378,"date":"2020-03-25T02:33:31","date_gmt":"2020-03-25T05:33:31","guid":{"rendered":"http:\/\/victorhutt.com.ar\/?p=378"},"modified":"2020-05-19T20:06:24","modified_gmt":"2020-05-19T23:06:24","slug":"formacion-etica-y-ciudadana-1ro-d","status":"publish","type":"post","link":"https:\/\/victorhutt.com.ar\/index.php\/2020\/03\/25\/formacion-etica-y-ciudadana-1ro-d\/","title":{"rendered":"Formaci\u00f3n \u00c9tica y Ciudadana &#8211; 1ro D"},"content":{"rendered":"\n<p>&nbsp;&nbsp; Actividad N\u00b01<\/p>\n\n\n\n<p>&nbsp;&nbsp; Leer los textos y responder:<\/p>\n\n\n\n<ol class=\"wp-block-list\"><li>\u00bfPor qu\u00e9 V\u00edctor se comportaba as\u00ed?\u00a0 \u00bfC\u00f3mo fue su infancia? <\/li><li>\u00bfQu\u00e9 es lo que nos hace comportar como personas?<\/li><li>El comportamiento humano \u00bfes innato o adquirido? <\/li><li>Explicar: \u201cEl ser humano es un ser social\u201d<\/li><\/ol>\n\n\n\n<figure class=\"wp-block-image\"><img loading=\"lazy\" decoding=\"async\" width=\"774\" height=\"1024\" src=\"http:\/\/victorhutt.com.ar\/wp-content\/uploads\/2020\/03\/img040-774x1024.jpg\" alt=\"\" class=\"wp-image-379\" srcset=\"https:\/\/victorhutt.com.ar\/wp-content\/uploads\/2020\/03\/img040-774x1024.jpg 774w, https:\/\/victorhutt.com.ar\/wp-content\/uploads\/2020\/03\/img040-227x300.jpg 227w, https:\/\/victorhutt.com.ar\/wp-content\/uploads\/2020\/03\/img040-768x1016.jpg 768w\" sizes=\"auto, (max-width: 774px) 100vw, 774px\" \/><\/figure>\n\n\n\n<p><strong>V\u00edctor de Aveyron<\/strong><\/p>\n\n\n\n<p><strong>&nbsp;V\u00edctor<\/strong>&nbsp;fue el nombre asignado\npor su tutor oficial a un preadolescente&nbsp;<a href=\"https:\/\/es.wikipedia.org\/wiki\/Ni%C3%B1o_feral\">salvaje<\/a>&nbsp;encontrado en la regi\u00f3n francesa de&nbsp;<a href=\"https:\/\/es.wikipedia.org\/wiki\/Aveyron\">Aveyron<\/a>&nbsp;en los \u00faltimos a\u00f1os del siglo XVIII. Su caso fue\nel m\u00e1s seriamente estudiado y el mejor documentado de todos los de este tipo.<\/p>\n\n\n\n<p>&nbsp;&nbsp; El 18 de enero de&nbsp;<a href=\"https:\/\/es.wikipedia.org\/wiki\/1800\">1800<\/a>, tres cazadores encontraron en los bosques de&nbsp;<a href=\"https:\/\/es.wikipedia.org\/w\/index.php?title=Caune&amp;action=edit&amp;redlink=1\">Caune<\/a>&nbsp;(en el&nbsp;<a href=\"https:\/\/es.wikipedia.org\/wiki\/Languedoc\">Languedoc<\/a>&nbsp;franc\u00e9s, cerca de los&nbsp;<a href=\"https:\/\/es.wikipedia.org\/wiki\/Pirineos\">Pirineos<\/a>) a un ni\u00f1o completamente desnudo, al que lograron\ncapturar y al que dejaron al cuidado de una viuda, encerrado en una caba\u00f1a\ncercana. Aparentaba unos once o doce a\u00f1os y ya hab\u00eda sido avistado antes por la\nzona recogiendo bellotas o buscando tub\u00e9rculos con los que alimentarse. Al cabo\nde una semana logr\u00f3 escaparse, retornando a las monta\u00f1as, donde soport\u00f3 el\nriguroso invierno de aquel a\u00f1o apenas cubierto con una camisola desgarrada. Por\nlas noches se ocultaba, pero durante el d\u00eda se acercaba a veces a alg\u00fan pueblo\nde los alrededores, en uno de los cuales, del cant\u00f3n de&nbsp;<a href=\"https:\/\/es.wikipedia.org\/w\/index.php?title=St._Sernin&amp;action=edit&amp;redlink=1\">St. Sernin<\/a>, se introdujo en una casa deshabitada, donde volvi\u00f3 a ser capturado.\nAll\u00ed se le atendi\u00f3 y se le vigil\u00f3 durante varios d\u00edas, siendo llevado luego al\nhospital de Saint-Affrique y posteriormente a&nbsp;<a href=\"https:\/\/es.wikipedia.org\/wiki\/Rodez\">Rodez<\/a>,\ndonde estuvo varios meses. Durante todo este tiempo se mostr\u00f3 salvaje y\nesquivo, impaciente e inquieto, siempre atento a la posibilidad de escapar de\nnuevo.<\/p>\n\n\n\n<p>&nbsp;&nbsp; La noticia de su existencia se difundi\u00f3\nr\u00e1pidamente por la Francia reci\u00e9n salida de la&nbsp;<a href=\"https:\/\/es.wikipedia.org\/wiki\/Revoluci%C3%B3n_francesa\">Revoluci\u00f3n\nfrancesa<\/a>&nbsp;provocando todo\ng\u00e9nero de conjeturas y expectativas. Un ministro del gobierno con inclinaciones\ncient\u00edficas orden\u00f3 el traslado del muchacho a Par\u00eds, adonde lleg\u00f3 a finales de\nseptiembre de 1800, con la esperanza de que el estudio de su caso pudiese\nampliar los conocimientos sobre la mente humana, y las capacidades.<\/p>\n\n\n\n<p>&nbsp;&nbsp; El 18 de enero de&nbsp;<a href=\"https:\/\/es.wikipedia.org\/wiki\/1800\">1800<\/a>, tres cazadores encontraron en los bosques de&nbsp;<a href=\"https:\/\/es.wikipedia.org\/w\/index.php?title=Caune&amp;action=edit&amp;redlink=1\">Caune<\/a>&nbsp;(en el&nbsp;<a href=\"https:\/\/es.wikipedia.org\/wiki\/Languedoc\">Languedoc<\/a>&nbsp;franc\u00e9s, cerca de los&nbsp;<a href=\"https:\/\/es.wikipedia.org\/wiki\/Pirineos\">Pirineos<\/a>) a un ni\u00f1o completamente desnudo, al que lograron\ncapturar y al que dejaron al cuidado de una viuda, encerrado en una caba\u00f1a\ncercana. Aparentaba unos once o doce a\u00f1os y ya hab\u00eda sido avistado antes por la\nzona recogiendo bellotas o buscando tub\u00e9rculos con los que alimentarse. Al cabo\nde una semana logr\u00f3 escaparse, retornando a las monta\u00f1as, donde soport\u00f3 el\nriguroso invierno de aquel a\u00f1o apenas cubierto con una camisola desgarrada. Por\nlas noches se ocultaba, pero durante el d\u00eda se acercaba a veces a alg\u00fan pueblo\nde los alrededores, en uno de los cuales, del cant\u00f3n de&nbsp;<a href=\"https:\/\/es.wikipedia.org\/w\/index.php?title=St._Sernin&amp;action=edit&amp;redlink=1\">St. Sernin<\/a>, se introdujo en una casa deshabitada, donde volvi\u00f3 a ser capturado.\nAll\u00ed se le atendi\u00f3 y se le vigil\u00f3 durante varios d\u00edas, siendo llevado luego al\nhospital de Saint-Affrique y posteriormente a&nbsp;<a href=\"https:\/\/es.wikipedia.org\/wiki\/Rodez\">Rodez<\/a>,\ndonde estuvo varios meses. Durante todo este tiempo se mostr\u00f3 salvaje y\nesquivo, impaciente e inquieto, siempre atento a la posibilidad de escapar de\nnuevo.<\/p>\n\n\n\n<p>&nbsp;&nbsp; La noticia de su existencia se difundi\u00f3\nr\u00e1pidamente por la Francia reci\u00e9n salida de la&nbsp;<a href=\"https:\/\/es.wikipedia.org\/wiki\/Revoluci%C3%B3n_francesa\">Revoluci\u00f3n\nfrancesa<\/a>&nbsp;provocando todo\ng\u00e9nero de conjeturas y expectativas. Un ministro del gobierno con inclinaciones\ncient\u00edficas orden\u00f3 el traslado del muchacho a Par\u00eds, adonde lleg\u00f3 a finales de\nseptiembre de 1800, con la esperanza de que el estudio de su caso pudiese\nampliar los conocimientos sobre la mente humana, y las capacidades.<\/p>\n\n\n\n<p>&nbsp;&nbsp; El&nbsp;<a href=\"https:\/\/es.wikipedia.org\/wiki\/Ministerio_del_Interior_(Francia)\">Ministerio del Interior<\/a>&nbsp;provey\u00f3, sin embargo, para su ulterior cuidado (que\nMadame Gu\u00e9rin sigui\u00f3 realizando durante veinte a\u00f1os m\u00e1s, gracias a la pensi\u00f3n\nde 150 francos que se le asign\u00f3 para ello) y de que otros profesores\ncontinuasen su educaci\u00f3n. Pero un informe elaborado por alguien que vio a V\u00edctor\nhacia 1815 no rese\u00f1aba ninguna mejora de su situaci\u00f3n.<\/p>\n\n\n\n<p>&nbsp;&nbsp; V\u00edctor de Aveyron muri\u00f3 en&nbsp;<a href=\"https:\/\/es.wikipedia.org\/wiki\/1828\">1828<\/a>, a los 41 a\u00f1os.<\/p>\n<div class=\"pvc_clear\"><\/div><p id=\"pvc_stats_378\" class=\"pvc_stats all  \" data-element-id=\"378\" style=\"\"><i class=\"pvc-stats-icon medium\" aria-hidden=\"true\"><svg aria-hidden=\"true\" focusable=\"false\" data-prefix=\"far\" data-icon=\"chart-bar\" role=\"img\" xmlns=\"http:\/\/www.w3.org\/2000\/svg\" viewBox=\"0 0 512 512\" class=\"svg-inline--fa fa-chart-bar fa-w-16 fa-2x\"><path fill=\"currentColor\" d=\"M396.8 352h22.4c6.4 0 12.8-6.4 12.8-12.8V108.8c0-6.4-6.4-12.8-12.8-12.8h-22.4c-6.4 0-12.8 6.4-12.8 12.8v230.4c0 6.4 6.4 12.8 12.8 12.8zm-192 0h22.4c6.4 0 12.8-6.4 12.8-12.8V140.8c0-6.4-6.4-12.8-12.8-12.8h-22.4c-6.4 0-12.8 6.4-12.8 12.8v198.4c0 6.4 6.4 12.8 12.8 12.8zm96 0h22.4c6.4 0 12.8-6.4 12.8-12.8V204.8c0-6.4-6.4-12.8-12.8-12.8h-22.4c-6.4 0-12.8 6.4-12.8 12.8v134.4c0 6.4 6.4 12.8 12.8 12.8zM496 400H48V80c0-8.84-7.16-16-16-16H16C7.16 64 0 71.16 0 80v336c0 17.67 14.33 32 32 32h464c8.84 0 16-7.16 16-16v-16c0-8.84-7.16-16-16-16zm-387.2-48h22.4c6.4 0 12.8-6.4 12.8-12.8v-70.4c0-6.4-6.4-12.8-12.8-12.8h-22.4c-6.4 0-12.8 6.4-12.8 12.8v70.4c0 6.4 6.4 12.8 12.8 12.8z\" class=\"\"><\/path><\/svg><\/i> <img loading=\"lazy\" decoding=\"async\" width=\"16\" height=\"16\" alt=\"Loading\" src=\"https:\/\/victorhutt.com.ar\/wp-content\/plugins\/page-views-count\/ajax-loader-2x.gif\" border=0 \/><\/p><div class=\"pvc_clear\"><\/div>","protected":false},"excerpt":{"rendered":"<p>&nbsp;&nbsp; Actividad N\u00b01 &nbsp;&nbsp; Leer los textos y responder: \u00bfPor qu\u00e9 V\u00edctor se comportaba as\u00ed?\u00a0 \u00bfC\u00f3mo fue su infancia? \u00bfQu\u00e9 es lo que nos hace comportar como personas? El comportamiento humano \u00bfes innato o adquirido? Explicar: \u201cEl ser humano es un ser social\u201d V\u00edctor de Aveyron &nbsp;V\u00edctor&nbsp;fue el nombre asignado por su tutor oficial a un preadolescente&nbsp;salvaje&nbsp;encontrado en la regi\u00f3n francesa de&nbsp;Aveyron&nbsp;en los \u00faltimos a\u00f1os del siglo XVIII. Su caso fue el m\u00e1s seriamente estudiado y el mejor documentado de todos los de este tipo. &nbsp;&nbsp; El 18 de enero de&nbsp;1800, tres cazadores encontraron en los bosques de&nbsp;Caune&nbsp;(en el&nbsp;Languedoc&nbsp;franc\u00e9s, cerca<\/p>\n<div class=\"pvc_clear\"><\/div>\n<p id=\"pvc_stats_378\" class=\"pvc_stats all  \" data-element-id=\"378\" style=\"\"><i class=\"pvc-stats-icon medium\" aria-hidden=\"true\"><svg aria-hidden=\"true\" focusable=\"false\" data-prefix=\"far\" data-icon=\"chart-bar\" role=\"img\" xmlns=\"http:\/\/www.w3.org\/2000\/svg\" viewBox=\"0 0 512 512\" class=\"svg-inline--fa fa-chart-bar fa-w-16 fa-2x\"><path fill=\"currentColor\" d=\"M396.8 352h22.4c6.4 0 12.8-6.4 12.8-12.8V108.8c0-6.4-6.4-12.8-12.8-12.8h-22.4c-6.4 0-12.8 6.4-12.8 12.8v230.4c0 6.4 6.4 12.8 12.8 12.8zm-192 0h22.4c6.4 0 12.8-6.4 12.8-12.8V140.8c0-6.4-6.4-12.8-12.8-12.8h-22.4c-6.4 0-12.8 6.4-12.8 12.8v198.4c0 6.4 6.4 12.8 12.8 12.8zm96 0h22.4c6.4 0 12.8-6.4 12.8-12.8V204.8c0-6.4-6.4-12.8-12.8-12.8h-22.4c-6.4 0-12.8 6.4-12.8 12.8v134.4c0 6.4 6.4 12.8 12.8 12.8zM496 400H48V80c0-8.84-7.16-16-16-16H16C7.16 64 0 71.16 0 80v336c0 17.67 14.33 32 32 32h464c8.84 0 16-7.16 16-16v-16c0-8.84-7.16-16-16-16zm-387.2-48h22.4c6.4 0 12.8-6.4 12.8-12.8v-70.4c0-6.4-6.4-12.8-12.8-12.8h-22.4c-6.4 0-12.8 6.4-12.8 12.8v70.4c0 6.4 6.4 12.8 12.8 12.8z\" class=\"\"><\/path><\/svg><\/i> <img loading=\"lazy\" decoding=\"async\" width=\"16\" height=\"16\" alt=\"Loading\" src=\"https:\/\/victorhutt.com.ar\/wp-content\/plugins\/page-views-count\/ajax-loader-2x.gif\" border=0 \/><\/p>\n<div class=\"pvc_clear\"><\/div>\n","protected":false},"author":1,"featured_media":0,"comment_status":"open","ping_status":"open","sticky":false,"template":"","format":"standard","meta":{"om_disable_all_campaigns":false,"_monsterinsights_skip_tracking":false,"_monsterinsights_sitenote_active":false,"_monsterinsights_sitenote_note":"","_monsterinsights_sitenote_category":0,"footnotes":"","_links_to":"","_links_to_target":""},"categories":[24,2],"tags":[],"class_list":["post-378","post","type-post","status-publish","format-standard","hentry","category-1d","category-esa12"],"a3_pvc":{"activated":true,"total_views":15,"today_views":0},"jetpack_featured_media_url":"","_links":{"self":[{"href":"https:\/\/victorhutt.com.ar\/index.php\/wp-json\/wp\/v2\/posts\/378","targetHints":{"allow":["GET"]}}],"collection":[{"href":"https:\/\/victorhutt.com.ar\/index.php\/wp-json\/wp\/v2\/posts"}],"about":[{"href":"https:\/\/victorhutt.com.ar\/index.php\/wp-json\/wp\/v2\/types\/post"}],"author":[{"embeddable":true,"href":"https:\/\/victorhutt.com.ar\/index.php\/wp-json\/wp\/v2\/users\/1"}],"replies":[{"embeddable":true,"href":"https:\/\/victorhutt.com.ar\/index.php\/wp-json\/wp\/v2\/comments?post=378"}],"version-history":[{"count":1,"href":"https:\/\/victorhutt.com.ar\/index.php\/wp-json\/wp\/v2\/posts\/378\/revisions"}],"predecessor-version":[{"id":380,"href":"https:\/\/victorhutt.com.ar\/index.php\/wp-json\/wp\/v2\/posts\/378\/revisions\/380"}],"wp:attachment":[{"href":"https:\/\/victorhutt.com.ar\/index.php\/wp-json\/wp\/v2\/media?parent=378"}],"wp:term":[{"taxonomy":"category","embeddable":true,"href":"https:\/\/victorhutt.com.ar\/index.php\/wp-json\/wp\/v2\/categories?post=378"},{"taxonomy":"post_tag","embeddable":true,"href":"https:\/\/victorhutt.com.ar\/index.php\/wp-json\/wp\/v2\/tags?post=378"}],"curies":[{"name":"wp","href":"https:\/\/api.w.org\/{rel}","templated":true}]}}