{"id":3695,"date":"2026-08-31T23:26:29","date_gmt":"2026-09-01T02:26:29","guid":{"rendered":"https:\/\/victorhutt.com.ar\/?p=3695"},"modified":"2026-08-31T23:26:29","modified_gmt":"2026-09-01T02:26:29","slug":"total-del-recorte-sufrido-por-un-docente-de-secundaria-en-la-gestion-frigerio","status":"publish","type":"post","link":"https:\/\/victorhutt.com.ar\/index.php\/2026\/08\/31\/total-del-recorte-sufrido-por-un-docente-de-secundaria-en-la-gestion-frigerio\/","title":{"rendered":"Total del recorte sufrido por un docente de secundaria en la gesti\u00f3n Frigerio"},"content":{"rendered":"<p><span style=\"font-size: 12pt;\"><strong>C\u00c1LCULO DE LAS P\u00c9RDIDAS DE SALARIO DOCENTE MES A MES, RESPECTO DE DOS MOMENTOS<\/strong><\/span><\/p>\n<p><img loading=\"lazy\" decoding=\"async\" class=\"alignnone size-medium wp-image-3697 aligncenter\" src=\"http:\/\/victorhutt.com.ar\/wp-content\/uploads\/2026\/08\/perdidadocentesecundaria-300x300.jpg\" alt=\"\" width=\"300\" height=\"300\" srcset=\"https:\/\/victorhutt.com.ar\/wp-content\/uploads\/2026\/08\/perdidadocentesecundaria-300x300.jpg 300w, https:\/\/victorhutt.com.ar\/wp-content\/uploads\/2026\/08\/perdidadocentesecundaria-150x150.jpg 150w, https:\/\/victorhutt.com.ar\/wp-content\/uploads\/2026\/08\/perdidadocentesecundaria-768x768.jpg 768w, https:\/\/victorhutt.com.ar\/wp-content\/uploads\/2026\/08\/perdidadocentesecundaria.jpg 800w\" sizes=\"auto, (max-width: 300px) 100vw, 300px\" \/><\/p>\n<p><span style=\"font-size: 12pt;\"><strong>UN DOCENTE CON 36 HORAS DE SECUNDARIA Y 24 A\u00d1OS DE ANTIG\u00dcEDAD HA SUFRIDO UN RECORTE TOTAL, EN LA GESTI\u00d3N DEL GOBERNADOR FRIGERIO, DE:<\/strong><\/span><\/p>\n<p style=\"text-align: center;\"><span style=\"font-size: 12pt; color: #ff0000;\"><strong>\u00a0<\/strong><strong>$ 24.473.623<\/strong><\/span><\/p>\n<p><span style=\"font-size: 12pt;\"><strong>\u00a0<\/strong><strong>Respecto a Julio de 2023<\/strong>, por haber sido el mes en el cual Frigerio, como candidato a Gobernador, expres\u00f3: \u201cEs indispensable recomponer el poder adquisitivo de los maestros, no se puede exigir calidad educativa si quienes est\u00e1n al frente del aula se encuentran por debajo de la l\u00ednea de la pobreza\u201d.<\/span><\/p>\n<p><span style=\"font-size: 12pt;\"><strong>Respecto a Noviembre de 2023<\/strong>, por haber sido ese el salario docente que recibi\u00f3 al iniciar su gesti\u00f3n.<\/span><\/p>\n<p><span style=\"font-size: 12pt;\">Se calculan los d\u00edas perdidos por mes respecto a los dos salarios de referencia, luego se suma la cantidad de d\u00edas y se calcula el monto en pesos que acumula la totalidad de la p\u00e9rdida.<\/span><\/p>\n<p><span style=\"font-size: 12pt;\">Est\u00e1n a la vista todos los c\u00e1lculos realizados, quien quiera desmentir la conclusi\u00f3n deber\u00e1 hacerlo a partir de la confrontaci\u00f3n de los datos, aunque sabemos que prefieren mentir desde el poder dominantes que tienen sobre los medios de prensa, pero para quien quiera defender la verdad, aqu\u00ed est\u00e1n los fundamentos de c\u00e1lculo.<\/span><\/p>\n<p><span style=\"font-size: 12pt;\">Datos de sueldos obtenidos desde los simuladores que publico hace m\u00e1s de 20 a\u00f1os y que mes a mes se va comprobando su veracidad, datos de inflaci\u00f3n obtenidos de INDEC, todo lo dem\u00e1s son c\u00e1lculos realizados por aplicaci\u00f3n de f\u00f3rmulas que pueden ser explicadas a quien lo requiera.<\/span><\/p>\n<p><span style=\"font-size: 12pt;\">Mir\u00e1 las tablas del informe haciendo clic en el siguiente archivo:<\/span><\/p>\n<p><span style=\"color: #0000ff;\"><strong><span style=\"font-size: 16pt;\"><a style=\"color: #0000ff;\" href=\"http:\/\/victorhutt.com.ar\/wp-content\/uploads\/2026\/08\/perdida-de-dias-36-horas-120.pdf\">perdida de dias 36 horas 120%<\/a><\/span><\/strong><\/span><\/p>\n<div class=\"pvc_clear\"><\/div>\n<p id=\"pvc_stats_3695\" class=\"pvc_stats all  \" data-element-id=\"3695\" style=\"\"><i class=\"pvc-stats-icon medium\" aria-hidden=\"true\"><svg aria-hidden=\"true\" focusable=\"false\" data-prefix=\"far\" data-icon=\"chart-bar\" role=\"img\" xmlns=\"http:\/\/www.w3.org\/2000\/svg\" viewBox=\"0 0 512 512\" class=\"svg-inline--fa fa-chart-bar fa-w-16 fa-2x\"><path fill=\"currentColor\" d=\"M396.8 352h22.4c6.4 0 12.8-6.4 12.8-12.8V108.8c0-6.4-6.4-12.8-12.8-12.8h-22.4c-6.4 0-12.8 6.4-12.8 12.8v230.4c0 6.4 6.4 12.8 12.8 12.8zm-192 0h22.4c6.4 0 12.8-6.4 12.8-12.8V140.8c0-6.4-6.4-12.8-12.8-12.8h-22.4c-6.4 0-12.8 6.4-12.8 12.8v198.4c0 6.4 6.4 12.8 12.8 12.8zm96 0h22.4c6.4 0 12.8-6.4 12.8-12.8V204.8c0-6.4-6.4-12.8-12.8-12.8h-22.4c-6.4 0-12.8 6.4-12.8 12.8v134.4c0 6.4 6.4 12.8 12.8 12.8zM496 400H48V80c0-8.84-7.16-16-16-16H16C7.16 64 0 71.16 0 80v336c0 17.67 14.33 32 32 32h464c8.84 0 16-7.16 16-16v-16c0-8.84-7.16-16-16-16zm-387.2-48h22.4c6.4 0 12.8-6.4 12.8-12.8v-70.4c0-6.4-6.4-12.8-12.8-12.8h-22.4c-6.4 0-12.8 6.4-12.8 12.8v70.4c0 6.4 6.4 12.8 12.8 12.8z\" class=\"\"><\/path><\/svg><\/i> <img loading=\"lazy\" decoding=\"async\" width=\"16\" height=\"16\" alt=\"Loading\" src=\"https:\/\/victorhutt.com.ar\/wp-content\/plugins\/page-views-count\/ajax-loader-2x.gif\" border=0 \/><\/p>\n<div class=\"pvc_clear\"><\/div>\n","protected":false},"excerpt":{"rendered":"<p>C\u00c1LCULO DE LAS P\u00c9RDIDAS DE SALARIO DOCENTE MES A MES, RESPECTO DE DOS MOMENTOS UN DOCENTE CON 36 HORAS DE SECUNDARIA Y 24 A\u00d1OS DE ANTIG\u00dcEDAD HA SUFRIDO UN RECORTE TOTAL, EN LA GESTI\u00d3N DEL GOBERNADOR FRIGERIO, DE: \u00a0$ 24.473.623 \u00a0Respecto a Julio de 2023, por haber sido el mes en el cual Frigerio, como candidato a Gobernador, expres\u00f3: \u201cEs indispensable recomponer el poder adquisitivo de los maestros, no se puede exigir calidad educativa si quienes est\u00e1n al frente del aula se encuentran por debajo de la l\u00ednea de la pobreza\u201d. Respecto a Noviembre de 2023, por haber sido ese<\/p>\n<div class=\"pvc_clear\"><\/div>\n<p id=\"pvc_stats_3695\" class=\"pvc_stats all  \" data-element-id=\"3695\" style=\"\"><i class=\"pvc-stats-icon medium\" aria-hidden=\"true\"><svg aria-hidden=\"true\" focusable=\"false\" data-prefix=\"far\" data-icon=\"chart-bar\" role=\"img\" xmlns=\"http:\/\/www.w3.org\/2000\/svg\" viewBox=\"0 0 512 512\" class=\"svg-inline--fa fa-chart-bar fa-w-16 fa-2x\"><path fill=\"currentColor\" d=\"M396.8 352h22.4c6.4 0 12.8-6.4 12.8-12.8V108.8c0-6.4-6.4-12.8-12.8-12.8h-22.4c-6.4 0-12.8 6.4-12.8 12.8v230.4c0 6.4 6.4 12.8 12.8 12.8zm-192 0h22.4c6.4 0 12.8-6.4 12.8-12.8V140.8c0-6.4-6.4-12.8-12.8-12.8h-22.4c-6.4 0-12.8 6.4-12.8 12.8v198.4c0 6.4 6.4 12.8 12.8 12.8zm96 0h22.4c6.4 0 12.8-6.4 12.8-12.8V204.8c0-6.4-6.4-12.8-12.8-12.8h-22.4c-6.4 0-12.8 6.4-12.8 12.8v134.4c0 6.4 6.4 12.8 12.8 12.8zM496 400H48V80c0-8.84-7.16-16-16-16H16C7.16 64 0 71.16 0 80v336c0 17.67 14.33 32 32 32h464c8.84 0 16-7.16 16-16v-16c0-8.84-7.16-16-16-16zm-387.2-48h22.4c6.4 0 12.8-6.4 12.8-12.8v-70.4c0-6.4-6.4-12.8-12.8-12.8h-22.4c-6.4 0-12.8 6.4-12.8 12.8v70.4c0 6.4 6.4 12.8 12.8 12.8z\" class=\"\"><\/path><\/svg><\/i> <img loading=\"lazy\" decoding=\"async\" width=\"16\" height=\"16\" alt=\"Loading\" src=\"https:\/\/victorhutt.com.ar\/wp-content\/plugins\/page-views-count\/ajax-loader-2x.gif\" border=0 \/><\/p>\n<div class=\"pvc_clear\"><\/div>\n","protected":false},"author":1,"featured_media":3697,"comment_status":"open","ping_status":"closed","sticky":false,"template":"","format":"standard","meta":{"om_disable_all_campaigns":false,"_monsterinsights_skip_tracking":false,"footnotes":"","_links_to":"","_links_to_target":""},"categories":[33],"tags":[],"class_list":["post-3695","post","type-post","status-publish","format-standard","has-post-thumbnail","hentry","category-mistextos"],"a3_pvc":{"activated":true,"total_views":1,"today_views":0},"jetpack_featured_media_url":"https:\/\/victorhutt.com.ar\/wp-content\/uploads\/2026\/08\/perdidadocentesecundaria.jpg","_links":{"self":[{"href":"https:\/\/victorhutt.com.ar\/index.php\/wp-json\/wp\/v2\/posts\/3695","targetHints":{"allow":["GET"]}}],"collection":[{"href":"https:\/\/victorhutt.com.ar\/index.php\/wp-json\/wp\/v2\/posts"}],"about":[{"href":"https:\/\/victorhutt.com.ar\/index.php\/wp-json\/wp\/v2\/types\/post"}],"author":[{"embeddable":true,"href":"https:\/\/victorhutt.com.ar\/index.php\/wp-json\/wp\/v2\/users\/1"}],"replies":[{"embeddable":true,"href":"https:\/\/victorhutt.com.ar\/index.php\/wp-json\/wp\/v2\/comments?post=3695"}],"version-history":[{"count":1,"href":"https:\/\/victorhutt.com.ar\/index.php\/wp-json\/wp\/v2\/posts\/3695\/revisions"}],"predecessor-version":[{"id":3698,"href":"https:\/\/victorhutt.com.ar\/index.php\/wp-json\/wp\/v2\/posts\/3695\/revisions\/3698"}],"wp:featuredmedia":[{"embeddable":true,"href":"https:\/\/victorhutt.com.ar\/index.php\/wp-json\/wp\/v2\/media\/3697"}],"wp:attachment":[{"href":"https:\/\/victorhutt.com.ar\/index.php\/wp-json\/wp\/v2\/media?parent=3695"}],"wp:term":[{"taxonomy":"category","embeddable":true,"href":"https:\/\/victorhutt.com.ar\/index.php\/wp-json\/wp\/v2\/categories?post=3695"},{"taxonomy":"post_tag","embeddable":true,"href":"https:\/\/victorhutt.com.ar\/index.php\/wp-json\/wp\/v2\/tags?post=3695"}],"curies":[{"name":"wp","href":"https:\/\/api.w.org\/{rel}","templated":true}]}}