{"id":3692,"date":"2026-08-31T18:01:37","date_gmt":"2026-08-31T21:01:37","guid":{"rendered":"https:\/\/victorhutt.com.ar\/?p=3692"},"modified":"2026-08-31T18:01:37","modified_gmt":"2026-08-31T21:01:37","slug":"informe-de-perdida-de-salarios-docentes-con-la-gestion-del-gobernador-frigerio","status":"publish","type":"post","link":"https:\/\/victorhutt.com.ar\/index.php\/2026\/08\/31\/informe-de-perdida-de-salarios-docentes-con-la-gestion-del-gobernador-frigerio\/","title":{"rendered":"INFORME DE P\u00c9RDIDA DE SALARIOS DOCENTES CON LA GESTI\u00d3N DEL GOBERNADOR FRIGERIO"},"content":{"rendered":"<p>En las tablas siguientes se puede observar la p\u00e9rdida del valor adquisitivo del salario docente durante la gesti\u00f3n Frigerio.<\/p>\n<p>Se hace la comparaci\u00f3n con dos momentos anteriores:<\/p>\n<p><strong>Respecto a Julio de 2023<\/strong>, por haber sido el mes en el cual Frigerio, como candidato a Gobernador, expres\u00f3: \u201cEs indispensable recomponer el poder adquisitivo de los maestros, no se puede exigir calidad educativa si quienes est\u00e1n al frente del aula se encuentran por debajo de la l\u00ednea de la pobreza\u201d.<\/p>\n<p><strong>Respecto a Noviembre de 2023<\/strong>, por haber sido ese el salario docente que recibi\u00f3 al iniciar su gesti\u00f3n.<\/p>\n<p>&nbsp;<\/p>\n<p>Aclaraci\u00f3n: El sueldo de Julio de 2023 representa el estado de situaci\u00f3n salarial docente antes de su llegada a la provincia de Entre R\u00edos y el que prometi\u00f3 mejorar, en aquel momento el sueldo de Agosto de 2023 sufri\u00f3 una baja considerable por el golpe de mercado que elev\u00f3 el valor del d\u00f3lar y la inflaci\u00f3n, pero se recuper\u00f3 en septiembre de 2023 porque el acuerdo preve\u00eda recuperaci\u00f3n ante golpes inflacionarios. Luego se produjo el tiempo de traspaso de gobierno y se abandonaron los acuerdos hasta la llegada del nuevo gobierno, pero al llegar Frigerio, no volvi\u00f3 a retomar acuerdos y muy por el contrario, a ese sueldo que encontr\u00f3 en Noviembre de 2023, en lugar de generar una recuperaci\u00f3n a valores del acuerdo de Julio 2023, lo sigui\u00f3 empobreciendo, como se muestra en las tablas. Se muestran p\u00e9rdidas de poder adquisitivo expresados en porcentajes de hasta el 34% y su correspondiente p\u00e9rdida en pesos, que, en algunos casos, llega al faltante de m\u00e1s de un mill\u00f3n de pesos por cada mes.<\/p>\n<p>Si a estos valores los calculamos como deuda total acumulada por recorte salarial, sumando las p\u00e9rdidas producidas mes por mes, encontramos que un cargo de maestro sin antig\u00fcedad acumula una deuda de <strong>$ 11.361.000<\/strong> y un docente de nivel medio con el m\u00e1ximo de antig\u00fcedad tiene un faltante de <strong>$ 22.772.000<\/strong>, recuperar el salario perdido significar\u00eda recibir esas sumas de dinero como compensaci\u00f3n en el sueldo del mes siguiente, adem\u00e1s de recibir un sueldo actualizado para agosto.<\/p>\n<p>Cuando decimos que <strong>Frigerio es un Gobernador empobrecedor<\/strong> es porque miramos estos n\u00fameros y vemos lo que nos quit\u00f3 de nuestros haberes que son el sustento de nuestras familias y cuando decimos que <strong>Frigerio es un Gobernador mentiroso<\/strong> es porque, a pesar de estos n\u00fameros, les dice a los entrerrianos que los sueldos docentes le ganaron a la inflaci\u00f3n.<\/p>\n<p>&nbsp;<\/p>\n<p>Jul 23 Act IPC y Nov 23 Act IPC: Valor del salario de Julio 23 y Noviembre 23 actualizados por IPC acumulado hasta Julio de 2026.<\/p>\n<p>Ver las tablas en el siguiente archivo:<\/p>\n<p><a href=\"http:\/\/victorhutt.com.ar\/wp-content\/uploads\/2026\/08\/Informe-de-perdida-de-salarios-docentes-gestion-Frigerio-hasta-julio-26.pdf\">Informe de p\u00e9rdida de salarios docentes gesti\u00f3n Frigerio hasta julio 26<\/a><\/p>\n<div class=\"pvc_clear\"><\/div>\n<p id=\"pvc_stats_3692\" class=\"pvc_stats all  \" data-element-id=\"3692\" style=\"\"><i class=\"pvc-stats-icon medium\" aria-hidden=\"true\"><svg aria-hidden=\"true\" focusable=\"false\" data-prefix=\"far\" data-icon=\"chart-bar\" role=\"img\" xmlns=\"http:\/\/www.w3.org\/2000\/svg\" viewBox=\"0 0 512 512\" class=\"svg-inline--fa fa-chart-bar fa-w-16 fa-2x\"><path fill=\"currentColor\" d=\"M396.8 352h22.4c6.4 0 12.8-6.4 12.8-12.8V108.8c0-6.4-6.4-12.8-12.8-12.8h-22.4c-6.4 0-12.8 6.4-12.8 12.8v230.4c0 6.4 6.4 12.8 12.8 12.8zm-192 0h22.4c6.4 0 12.8-6.4 12.8-12.8V140.8c0-6.4-6.4-12.8-12.8-12.8h-22.4c-6.4 0-12.8 6.4-12.8 12.8v198.4c0 6.4 6.4 12.8 12.8 12.8zm96 0h22.4c6.4 0 12.8-6.4 12.8-12.8V204.8c0-6.4-6.4-12.8-12.8-12.8h-22.4c-6.4 0-12.8 6.4-12.8 12.8v134.4c0 6.4 6.4 12.8 12.8 12.8zM496 400H48V80c0-8.84-7.16-16-16-16H16C7.16 64 0 71.16 0 80v336c0 17.67 14.33 32 32 32h464c8.84 0 16-7.16 16-16v-16c0-8.84-7.16-16-16-16zm-387.2-48h22.4c6.4 0 12.8-6.4 12.8-12.8v-70.4c0-6.4-6.4-12.8-12.8-12.8h-22.4c-6.4 0-12.8 6.4-12.8 12.8v70.4c0 6.4 6.4 12.8 12.8 12.8z\" class=\"\"><\/path><\/svg><\/i> <img loading=\"lazy\" decoding=\"async\" width=\"16\" height=\"16\" alt=\"Loading\" src=\"https:\/\/victorhutt.com.ar\/wp-content\/plugins\/page-views-count\/ajax-loader-2x.gif\" border=0 \/><\/p>\n<div class=\"pvc_clear\"><\/div>\n","protected":false},"excerpt":{"rendered":"<p>En las tablas siguientes se puede observar la p\u00e9rdida del valor adquisitivo del salario docente durante la gesti\u00f3n Frigerio. Se hace la comparaci\u00f3n con dos momentos anteriores: Respecto a Julio de 2023, por haber sido el mes en el cual Frigerio, como candidato a Gobernador, expres\u00f3: \u201cEs indispensable recomponer el poder adquisitivo de los maestros, no se puede exigir calidad educativa si quienes est\u00e1n al frente del aula se encuentran por debajo de la l\u00ednea de la pobreza\u201d. Respecto a Noviembre de 2023, por haber sido ese el salario docente que recibi\u00f3 al iniciar su gesti\u00f3n. &nbsp; Aclaraci\u00f3n: El sueldo<\/p>\n<div class=\"pvc_clear\"><\/div>\n<p id=\"pvc_stats_3692\" class=\"pvc_stats all  \" data-element-id=\"3692\" style=\"\"><i class=\"pvc-stats-icon medium\" aria-hidden=\"true\"><svg aria-hidden=\"true\" focusable=\"false\" data-prefix=\"far\" data-icon=\"chart-bar\" role=\"img\" xmlns=\"http:\/\/www.w3.org\/2000\/svg\" viewBox=\"0 0 512 512\" class=\"svg-inline--fa fa-chart-bar fa-w-16 fa-2x\"><path fill=\"currentColor\" d=\"M396.8 352h22.4c6.4 0 12.8-6.4 12.8-12.8V108.8c0-6.4-6.4-12.8-12.8-12.8h-22.4c-6.4 0-12.8 6.4-12.8 12.8v230.4c0 6.4 6.4 12.8 12.8 12.8zm-192 0h22.4c6.4 0 12.8-6.4 12.8-12.8V140.8c0-6.4-6.4-12.8-12.8-12.8h-22.4c-6.4 0-12.8 6.4-12.8 12.8v198.4c0 6.4 6.4 12.8 12.8 12.8zm96 0h22.4c6.4 0 12.8-6.4 12.8-12.8V204.8c0-6.4-6.4-12.8-12.8-12.8h-22.4c-6.4 0-12.8 6.4-12.8 12.8v134.4c0 6.4 6.4 12.8 12.8 12.8zM496 400H48V80c0-8.84-7.16-16-16-16H16C7.16 64 0 71.16 0 80v336c0 17.67 14.33 32 32 32h464c8.84 0 16-7.16 16-16v-16c0-8.84-7.16-16-16-16zm-387.2-48h22.4c6.4 0 12.8-6.4 12.8-12.8v-70.4c0-6.4-6.4-12.8-12.8-12.8h-22.4c-6.4 0-12.8 6.4-12.8 12.8v70.4c0 6.4 6.4 12.8 12.8 12.8z\" class=\"\"><\/path><\/svg><\/i> <img loading=\"lazy\" decoding=\"async\" width=\"16\" height=\"16\" alt=\"Loading\" src=\"https:\/\/victorhutt.com.ar\/wp-content\/plugins\/page-views-count\/ajax-loader-2x.gif\" border=0 \/><\/p>\n<div class=\"pvc_clear\"><\/div>\n","protected":false},"author":1,"featured_media":0,"comment_status":"open","ping_status":"closed","sticky":false,"template":"","format":"standard","meta":{"om_disable_all_campaigns":false,"_monsterinsights_skip_tracking":false,"footnotes":"","_links_to":"","_links_to_target":""},"categories":[33],"tags":[],"class_list":["post-3692","post","type-post","status-publish","format-standard","hentry","category-mistextos"],"a3_pvc":{"activated":true,"total_views":4,"today_views":0},"jetpack_featured_media_url":"","_links":{"self":[{"href":"https:\/\/victorhutt.com.ar\/index.php\/wp-json\/wp\/v2\/posts\/3692","targetHints":{"allow":["GET"]}}],"collection":[{"href":"https:\/\/victorhutt.com.ar\/index.php\/wp-json\/wp\/v2\/posts"}],"about":[{"href":"https:\/\/victorhutt.com.ar\/index.php\/wp-json\/wp\/v2\/types\/post"}],"author":[{"embeddable":true,"href":"https:\/\/victorhutt.com.ar\/index.php\/wp-json\/wp\/v2\/users\/1"}],"replies":[{"embeddable":true,"href":"https:\/\/victorhutt.com.ar\/index.php\/wp-json\/wp\/v2\/comments?post=3692"}],"version-history":[{"count":1,"href":"https:\/\/victorhutt.com.ar\/index.php\/wp-json\/wp\/v2\/posts\/3692\/revisions"}],"predecessor-version":[{"id":3694,"href":"https:\/\/victorhutt.com.ar\/index.php\/wp-json\/wp\/v2\/posts\/3692\/revisions\/3694"}],"wp:attachment":[{"href":"https:\/\/victorhutt.com.ar\/index.php\/wp-json\/wp\/v2\/media?parent=3692"}],"wp:term":[{"taxonomy":"category","embeddable":true,"href":"https:\/\/victorhutt.com.ar\/index.php\/wp-json\/wp\/v2\/categories?post=3692"},{"taxonomy":"post_tag","embeddable":true,"href":"https:\/\/victorhutt.com.ar\/index.php\/wp-json\/wp\/v2\/tags?post=3692"}],"curies":[{"name":"wp","href":"https:\/\/api.w.org\/{rel}","templated":true}]}}