{"id":3432,"date":"2024-08-11T04:04:56","date_gmt":"2024-08-11T07:04:56","guid":{"rendered":"https:\/\/victorhutt.com.ar\/?p=3432"},"modified":"2024-08-11T22:49:29","modified_gmt":"2024-08-12T01:49:29","slug":"las-ofertas-del-9-de-agosto-son-empobrecedoras","status":"publish","type":"post","link":"https:\/\/victorhutt.com.ar\/index.php\/2024\/08\/11\/las-ofertas-del-9-de-agosto-son-empobrecedoras\/","title":{"rendered":"Las ofertas del 9 de agosto son empobrecedoras"},"content":{"rendered":"\n<p>Art\u00edculo completo en pdf: <\/p>\n\n\n\n<div data-wp-interactive=\"core\/file\" class=\"wp-block-file\"><object data-wp-bind--hidden=\"!state.hasPdfPreview\" hidden class=\"wp-block-file__embed\" data=\"https:\/\/victorhutt.com.ar\/wp-content\/uploads\/2024\/08\/Las-ofertas-del-9-de-agosto-son-empobrecedoras.pdf\" type=\"application\/pdf\" style=\"width:100%;height:600px\" aria-label=\"Incrustado de Las-ofertas-del-9-de-agosto-son-empobrecedoras.\"><\/object><a id=\"wp-block-file--media-b8e2925e-9a3f-48c3-95fe-5565cc1c99a1\" href=\"https:\/\/victorhutt.com.ar\/wp-content\/uploads\/2024\/08\/Las-ofertas-del-9-de-agosto-son-empobrecedoras.pdf\">Las-ofertas-del-9-de-agosto-son-empobrecedoras<\/a><a href=\"https:\/\/victorhutt.com.ar\/wp-content\/uploads\/2024\/08\/Las-ofertas-del-9-de-agosto-son-empobrecedoras.pdf\" class=\"wp-block-file__button wp-element-button\" download aria-describedby=\"wp-block-file--media-b8e2925e-9a3f-48c3-95fe-5565cc1c99a1\">Descarga<\/a><\/div>\n\n\n\n<p>El Congreso de AGMER, con el mandato de los 17 departamentos que llevaron lo resuelto en miles de asambleas en toda la provincia resolvi\u00f3 que de no haber oferta que cumpla ciertos requisitos, no se someter\u00eda lo ofrecido a nueva consulta y se ejecutar\u00edan los paros votados por el congreso con mandatos de asambleas.<\/p>\n\n\n\n<p>Lo que ocurri\u00f3 el viernes 9 de agosto fue, claramente, que el gobierno no present\u00f3 oferta superadora, present\u00f3 dos ofertas que en su formulaci\u00f3n demuestran no entender nada del salario docente de Entre R\u00edos y tambi\u00e9n demuestran que no les importa el reclamo desesperado de la docencia entrerriana.<\/p>\n\n\n\n<p>Son dos ofertas que significan menor masa salarial que la ya rechazada por el congreso, si, as\u00ed como se lee, no son superadoras sino que implican menor masa presupuestaria y supongo que ni siquiera se dieron cuenta de eso, entienden poco y les preocupa poco el salario docente de Entre R\u00edos como ponerse a estudiar y aprender, la mayor\u00eda de los funcionarios de Frigerio son importados de la Capital Federal, como \u00e9l mismo y nos tenemos que hacer cargos de sus viajes y de sus pagos por desarraigo para que demuestren no entender nada.<\/p>\n\n\n\n<p>Aqu\u00ed muestro la evoluci\u00f3n del salario docente desde que Frigerio es Gobernador de Entre R\u00edos, tomando como testigo el salario inicial, pero todos los salarios han sufrido similar deterioro.<\/p>\n\n\n\n<figure class=\"wp-block-table aligncenter\"><table><tbody><tr><td><strong>Mes<\/strong><\/td><td><strong>Cargo testigo<\/strong><\/td><td><strong>CBT<\/strong><\/td><td><strong>Aum<\/strong><\/td><td><strong>IPC<\/strong><\/td><td><strong>Inf Ac<\/strong><\/td><td><strong>Dif aum- inf<\/strong><\/td><td><strong>% CBT<\/strong><\/td><\/tr><tr><td>dic-23<\/td><td>$ 247.275<\/td><td>$ 495.798<\/td><td>7,4%<\/td><td>25,5%<\/td><td>25,5%<\/td><td>-18,07%<\/td><td>49,9%<\/td><\/tr><tr><td>ene-24<\/td><td>$ 286.559<\/td><td>$ 596.823<\/td><td>24,5%<\/td><td>20,6%<\/td><td>51,4%<\/td><td>-26,85%<\/td><td>48,0%<\/td><\/tr><tr><td>feb-24<\/td><td>$ 343.289<\/td><td>$ 690.902<\/td><td>49,1%<\/td><td>13,2%<\/td><td>71,3%<\/td><td>-22,19%<\/td><td>49,7%<\/td><\/tr><tr><td>mar-24<\/td><td>$ 327.482<\/td><td>$ 773.385<\/td><td>42,3%<\/td><td>11,0%<\/td><td>90,2%<\/td><td>-47,90%<\/td><td>42,3%<\/td><\/tr><tr><td>abr-24<\/td><td>$ 340.374<\/td><td>$ 828.158<\/td><td>47,9%<\/td><td>8,8%<\/td><td>106,9%<\/td><td>-59,03%<\/td><td>41,1%<\/td><\/tr><tr><td>may-24<\/td><td>$ 358.424<\/td><td>$ 851.351<\/td><td>55,7%<\/td><td>4,2%<\/td><td>115,6%<\/td><td>-59,88%<\/td><td>42,1%<\/td><\/tr><tr><td>jun-24<\/td><td>$ 379.053<\/td><td>$ 873.169<\/td><td>64,7%<\/td><td>4,6%<\/td><td>125,5%<\/td><td>-60,84%<\/td><td>43,4%<\/td><\/tr><tr><td>jul-24<\/td><td>$ 365.028<\/td><td>$ 925.000<\/td><td>58,6%<\/td><td>4,5%<\/td><td>135,7%<\/td><td>-77,08%<\/td><td>39,5%<\/td><\/tr><\/tbody><\/table><\/figure>\n\n\n\n<p>Lo que se muestra en el mes de Julio es el efecto de no haber realizado ning\u00fan aumento salarial que actualice el salario y los datos de canasta b\u00e1sica e inflaci\u00f3n son proyecciones porque a\u00fan no se conocen.<\/p>\n\n\n\n<p><strong>LA OFERTA CONSOLIDA LA P\u00c9RDIDA HASTA ESTE MOMENTO<\/strong><\/p>\n\n\n\n<p>La paritaria anterior establec\u00eda que se revisar\u00eda la diferencia entre aumentos e inflaci\u00f3n en el primer semestre, en ese per\u00edodo tuvimos una enorme p\u00e9rdida salarial producida por dos motivos:<\/p>\n\n\n\n<p>1) La p\u00e9rdida por porcentajes de aumento menores a la inflaci\u00f3n.<\/p>\n\n\n\n<p>2) La quita del hist\u00f3rico aporte nacional del Incentivo docente, que representaba el 12% del salario inicial, una quita que fue acompa\u00f1ada por Frigerio, quien en enero expres\u00f3 que del incentivo docente se deb\u00edan hacer cargo las provincias, lo hizo durante dos meses y al siguiente expres\u00f3 que el incentivo era un aporte nacional por lo cual la provincia no ten\u00eda responsabilidad sobre ese aporte que ten\u00edas desde hace 26 a\u00f1os.<\/p>\n\n\n\n<p>Pues bien, se realiz\u00f3 una nueva paritaria y no se tuvo en cuenta lo prometido en la paritaria anterior, se dej\u00f3 atr\u00e1s y se pretendi\u00f3 consolidar la p\u00e9rdida del primer semestre y del mes de diciembre del 2023.<\/p>\n\n\n\n<p>En la segunda y tercera oferta se prometi\u00f3 conformar una comisi\u00f3n t\u00e9cnica para evaluar la p\u00e9rdida del primer semestre, rid\u00edculo al extremo, en principio porque no se comprometen a abonar la diferencia que determine la comisi\u00f3n t\u00e9cnica, pero adem\u00e1s no es necesario conformar una comisi\u00f3n para determinar un n\u00famero que es muy simple y que tenemos todos los c\u00e1lculos realizados, nosotros y el gobierno. Sinceramente considero que es una burla ese punto de las ofertas.<\/p>\n\n\n\n<p><strong>TODAS LAS OFERTAS SE QUEDAN EN UN 5% QUE RESULTA INSUFICIENTE<\/strong><\/p>\n\n\n\n<p>Las 3 ofertas presentadas hasta el momento contienen un 5% de aumento respecto a haberes de junio y ello resulta insuficiente, porque en realidad no tiene en cuenta el acumulado inflacionario sino el acumulado del aumento salarial, que es sustancialmente menor. As\u00ed, si lo adecuamos a la relaci\u00f3n aumento inflaci\u00f3n del primer semestre, ese 5% representa un 4,3% y si hacemos la comparaci\u00f3n incluyendo a diciembre de 2023, se transforma en un 3,2%, que queda en nada al quitar el aumento del aporte jubilatorio.<\/p>\n\n\n\n<p><strong>LO PROMETIDO PARA EL RESTO DEL A\u00d1O IMPLICA SEGUIR PERDIENDO SALARIO<\/strong><\/p>\n\n\n\n<p>La oferta necesariamente se debe rechazar porque consolida la p\u00e9rdida hasta junio y asegura seguir perdiendo hasta diciembre.<\/p>\n\n\n\n<p>La demostraci\u00f3n es sencilla, se ofrece aumentar cada mes lo que indique la inflaci\u00f3n, pero como ya hemos dicho y comprobado muchas veces, el mismo porcentaje sobre un monto de base menor, da un resultado menor, matem\u00e1tica elemental. Se pretende otorgar un aumento sobre un salario de junio, que perdi\u00f3 contra la inflaci\u00f3n y compararlo con un acumulado inflacionario que seguir\u00e1 creciendo hasta diciembre.<\/p>\n\n\n\n<p>Para mostrar el efecto presento una tabla de evoluci\u00f3n, para lo cual utilizar\u00e9 una inflaci\u00f3n supuesta del 5%, teniendo en cuenta que este n\u00famero no afecta lo que se quiere demostrar. Recordemos para ello que el aumento acumulado hasta el mes de junio, de aumentos provinciales, sin considerar la p\u00e9rdida por FONID, fue del 68,7% y la inflaci\u00f3n acumulada del primer semestre fue del 79,9%.<\/p>\n\n\n\n<figure class=\"wp-block-table aligncenter\"><table><tbody><tr><td><\/td><td>Aumento<\/td><td>Inflaci\u00f3n<\/td><td>% Real<\/td><td>Ca\u00edda<\/td><td>Con 3% ap. Jub<\/td><\/tr><tr><td>jun-24<\/td><td>68,7%<\/td><td>79,7%<\/td><td><\/td><td>-6,12%<\/td><td>-9,59%<\/td><\/tr><tr><td>jul-24<\/td><td>77,1%<\/td><td>88,7%<\/td><td>4,3%<\/td><td>-6,12%<\/td><td>-9,59%<\/td><\/tr><tr><td>ago-24<\/td><td>85,6%<\/td><td>98,1%<\/td><td>4,3%<\/td><td>-6,3%<\/td><td>-9,8%<\/td><\/tr><tr><td>sep-24<\/td><td>94,0%<\/td><td>108,0%<\/td><td>4,4%<\/td><td>-6,7%<\/td><td>-10,2%<\/td><\/tr><tr><td>oct-24<\/td><td>102,4%<\/td><td>118,4%<\/td><td>4,4%<\/td><td>-7,3%<\/td><td>-10,7%<\/td><\/tr><tr><td>nov-24<\/td><td>110,9%<\/td><td>129,3%<\/td><td>4,3%<\/td><td>-8,1%<\/td><td>-11,5%<\/td><\/tr><tr><td>dic-24<\/td><td>119,3%<\/td><td>140,8%<\/td><td>4,3%<\/td><td>-8,9%<\/td><td>-12,3%<\/td><\/tr><\/tbody><\/table><\/figure>\n\n\n\n<p>Pero si hacemos ese mismo c\u00e1lculo, pero considerando el efecto que produce la enorme p\u00e9rdida del mes de diciembre, nos queda de la siguiente manera.<\/p>\n\n\n\n<figure class=\"wp-block-table aligncenter\"><table><tbody><tr><td><\/td><td>Aumento<\/td><td>Inflaci\u00f3n<\/td><td>% Real<\/td><td>Ca\u00edda<\/td><td>Con 3% ap. Jub<\/td><\/tr><tr><td>jun-24<\/td><td>80,9%<\/td><td>125,5%<\/td><td><\/td><td>-19,78%<\/td><td>-22,75%<\/td><\/tr><tr><td>jul-24<\/td><td>89,9%<\/td><td>136,8%<\/td><td>3,2%<\/td><td>-19,78%<\/td><td>-22,75%<\/td><\/tr><tr><td>ago-24<\/td><td>99,0%<\/td><td>148,6%<\/td><td>3,3%<\/td><td>-20,0%<\/td><td>-22,9%<\/td><\/tr><tr><td>sep-24<\/td><td>108,0%<\/td><td>161,0%<\/td><td>3,3%<\/td><td>-20,3%<\/td><td>-23,3%<\/td><\/tr><tr><td>oct-24<\/td><td>117,1%<\/td><td>174,1%<\/td><td>3,4%<\/td><td>-20,8%<\/td><td>-23,7%<\/td><\/tr><tr><td>nov-24<\/td><td>126,1%<\/td><td>187,8%<\/td><td>3,4%<\/td><td>-21,4%<\/td><td>-24,3%<\/td><\/tr><tr><td>dic-24<\/td><td>135,2%<\/td><td>202,2%<\/td><td>3,4%<\/td><td>-22,2%<\/td><td>-25,1%<\/td><\/tr><\/tbody><\/table><\/figure>\n\n\n\n<p>Si adem\u00e1s consideramos la p\u00e9rdida del Incentivo docente y conectividad y comparamos aumento de salario con la inflaci\u00f3n acumulada, obtenemos este cuadro:<\/p>\n\n\n\n<figure class=\"wp-block-table aligncenter\"><table><tbody><tr><td><\/td><td>Aumento<\/td><td>Inflaci\u00f3n<\/td><td>% Real<\/td><td>Ca\u00edda<\/td><td>Con 3% ap Ju<\/td><\/tr><tr><td>jun-24<\/td><td>64,7%<\/td><td>125,5%<\/td><td><\/td><td>-26,96%<\/td><td>-29,66%<\/td><\/tr><tr><td>jul-24<\/td><td>72,9%<\/td><td>136,8%<\/td><td>2,6%<\/td><td>-26,96%<\/td><td>-29,66%<\/td><\/tr><tr><td>ago-24<\/td><td>81,2%<\/td><td>148,6%<\/td><td>2,7%<\/td><td>-27,1%<\/td><td>-29,8%<\/td><\/tr><tr><td>sep-24<\/td><td>89,4%<\/td><td>161,0%<\/td><td>2,7%<\/td><td>-27,4%<\/td><td>-30,1%<\/td><\/tr><tr><td>oct-24<\/td><td>97,6%<\/td><td>174,1%<\/td><td>2,8%<\/td><td>-27,9%<\/td><td>-30,6%<\/td><\/tr><tr><td>nov-24<\/td><td>105,9%<\/td><td>187,8%<\/td><td>2,8%<\/td><td>-28,5%<\/td><td>-31,1%<\/td><\/tr><tr><td>dic-24<\/td><td>114,1%<\/td><td>202,2%<\/td><td>2,8%<\/td><td>-29,1%<\/td><td>-31,8%<\/td><\/tr><\/tbody><\/table><\/figure>\n\n\n\n<p>Y para seguir haciendo comparaciones, si evaluamos la p\u00e9rdida respecto a Julio de 2023, teniendo en cuenta tambi\u00e9n la p\u00e9rdida en nuestro salario producida por la quita de FONID y Conectividad, nos queda el siguiente cuadro:<\/p>\n\n\n\n<figure class=\"wp-block-table aligncenter\"><table><tbody><tr><td><\/td><td>Aumento<\/td><td>Inflaci\u00f3n<\/td><td>% Real<\/td><td>Ca\u00edda<\/td><td>Con 3% ap Ju<\/td><\/tr><tr><td>jun-24<\/td><td>117,6%<\/td><td>249,0%<\/td><td><\/td><td>-37,65%<\/td><td>-39,96%<\/td><\/tr><tr><td>jul-24<\/td><td>128,5%<\/td><td>266,5%<\/td><td>2,4%<\/td><td>-37,65%<\/td><td>-39,96%<\/td><\/tr><tr><td>ago-24<\/td><td>139,4%<\/td><td>284,8%<\/td><td>2,4%<\/td><td>-37,8%<\/td><td>-40,1%<\/td><\/tr><tr><td>sep-24<\/td><td>150,2%<\/td><td>304,0%<\/td><td>2,4%<\/td><td>-38,1%<\/td><td>-40,4%<\/td><\/tr><tr><td>oct-24<\/td><td>161,1%<\/td><td>324,2%<\/td><td>2,5%<\/td><td>-38,4%<\/td><td>-40,7%<\/td><\/tr><tr><td>nov-24<\/td><td>172,0%<\/td><td>345,4%<\/td><td>2,5%<\/td><td>-38,9%<\/td><td>-41,2%<\/td><\/tr><tr><td>dic-24<\/td><td>182,9%<\/td><td>367,7%<\/td><td>2,5%<\/td><td>-39,5%<\/td><td>-41,8%<\/td><\/tr><\/tbody><\/table><\/figure>\n\n\n\n<p>A estos cuadros me refer\u00eda m\u00e1s arriba cuando expresaba que no es necesaria una comisi\u00f3n t\u00e9cnica, todas las diferencias entre aumento e inflaci\u00f3n est\u00e1n evaluadas, lo que falta es la decisi\u00f3n del gobierno provincial de hacerse cargo de sus responsabilidades, establecidas en la Constituci\u00f3n, mantener el salario en equilibrio respecto a la evoluci\u00f3n del costo de vida.<\/p>\n\n\n\n<p><strong>EL GOBIERNO RATIFICA EL PARO DOCENTE DEL 14 Y 15 DE AGOSTO<\/strong><\/p>\n\n\n\n<p>Cualquiera que entienda lo que se muestra anteriormente se puede dar cuenta f\u00e1cilmente que hay un error al decir que el paro es de los gremios docentes, fue decidido por los docentes de toda la provincia en asambleas escolares, en asambleas departamentales y por unanimidad en el Congreso de AGMER, pero el autor intelectual del paro es el gobierno provincial.<\/p>\n\n\n\n<p>Podr\u00edan evaluarse ofertas que recuperen lo perdido o que al menos recuperen una parte, pero lo que se ofrece ni siquiera sostiene el salario actual empobrecido sino que lo vuelve a empobrecer, es por eso que decimos:<\/p>\n\n\n<div class=\"wp-block-image\">\n<figure class=\"aligncenter size-full is-resized\"><img loading=\"lazy\" decoding=\"async\" width=\"774\" height=\"373\" src=\"https:\/\/victorhutt.com.ar\/wp-content\/uploads\/2024\/08\/image.png\" alt=\"\" class=\"wp-image-3433\" style=\"aspect-ratio:2.0750670241286864;width:701px;height:auto\" srcset=\"https:\/\/victorhutt.com.ar\/wp-content\/uploads\/2024\/08\/image.png 774w, https:\/\/victorhutt.com.ar\/wp-content\/uploads\/2024\/08\/image-300x145.png 300w, https:\/\/victorhutt.com.ar\/wp-content\/uploads\/2024\/08\/image-768x370.png 768w\" sizes=\"auto, (max-width: 774px) 100vw, 774px\" \/><\/figure><\/div>\n\n\n<p>Y los tapan<\/p>\n\n\n<div class=\"wp-block-image\">\n<figure class=\"aligncenter size-full is-resized\"><img loading=\"lazy\" decoding=\"async\" width=\"786\" height=\"434\" src=\"https:\/\/victorhutt.com.ar\/wp-content\/uploads\/2024\/08\/image-1.png\" alt=\"\" class=\"wp-image-3434\" style=\"aspect-ratio:1.8110599078341014;width:656px;height:auto\" srcset=\"https:\/\/victorhutt.com.ar\/wp-content\/uploads\/2024\/08\/image-1.png 786w, https:\/\/victorhutt.com.ar\/wp-content\/uploads\/2024\/08\/image-1-300x166.png 300w, https:\/\/victorhutt.com.ar\/wp-content\/uploads\/2024\/08\/image-1-768x424.png 768w, https:\/\/victorhutt.com.ar\/wp-content\/uploads\/2024\/08\/image-1-360x200.png 360w, https:\/\/victorhutt.com.ar\/wp-content\/uploads\/2024\/08\/image-1-600x330.png 600w\" sizes=\"auto, (max-width: 786px) 100vw, 786px\" \/><\/figure><\/div>\n\n\n<p>Y nos mandan a apretar con la polic\u00eda<\/p>\n\n\n<div class=\"wp-block-image\">\n<figure class=\"aligncenter size-full is-resized\"><img loading=\"lazy\" decoding=\"async\" width=\"681\" height=\"593\" src=\"https:\/\/victorhutt.com.ar\/wp-content\/uploads\/2024\/08\/image-2.png\" alt=\"\" class=\"wp-image-3435\" style=\"aspect-ratio:1.148397976391231;width:463px;height:auto\" srcset=\"https:\/\/victorhutt.com.ar\/wp-content\/uploads\/2024\/08\/image-2.png 681w, https:\/\/victorhutt.com.ar\/wp-content\/uploads\/2024\/08\/image-2-300x261.png 300w\" sizes=\"auto, (max-width: 681px) 100vw, 681px\" \/><\/figure><\/div>\n\n\n<p>Y lo volvemos a decir:<\/p>\n\n\n<div class=\"wp-block-image\">\n<figure class=\"aligncenter size-full is-resized\"><img loading=\"lazy\" decoding=\"async\" width=\"789\" height=\"406\" src=\"https:\/\/victorhutt.com.ar\/wp-content\/uploads\/2024\/08\/image-3.png\" alt=\"\" class=\"wp-image-3436\" style=\"aspect-ratio:1.9433497536945812;width:569px;height:auto\" srcset=\"https:\/\/victorhutt.com.ar\/wp-content\/uploads\/2024\/08\/image-3.png 789w, https:\/\/victorhutt.com.ar\/wp-content\/uploads\/2024\/08\/image-3-300x154.png 300w, https:\/\/victorhutt.com.ar\/wp-content\/uploads\/2024\/08\/image-3-768x395.png 768w\" sizes=\"auto, (max-width: 789px) 100vw, 789px\" \/><\/figure><\/div>\n\n\n<p>Y se escribe en las escuelas<\/p>\n\n\n<div class=\"wp-block-image\">\n<figure class=\"aligncenter size-full\"><img loading=\"lazy\" decoding=\"async\" width=\"632\" height=\"269\" src=\"https:\/\/victorhutt.com.ar\/wp-content\/uploads\/2024\/08\/image-4.png\" alt=\"\" class=\"wp-image-3437\" srcset=\"https:\/\/victorhutt.com.ar\/wp-content\/uploads\/2024\/08\/image-4.png 632w, https:\/\/victorhutt.com.ar\/wp-content\/uploads\/2024\/08\/image-4-300x128.png 300w\" sizes=\"auto, (max-width: 632px) 100vw, 632px\" \/><\/figure><\/div>\n\n\n<p>Y lo decimos todos<\/p>\n\n\n<div class=\"wp-block-image\">\n<figure class=\"aligncenter size-full is-resized\"><img loading=\"lazy\" decoding=\"async\" width=\"886\" height=\"396\" src=\"https:\/\/victorhutt.com.ar\/wp-content\/uploads\/2024\/08\/image-5.png\" alt=\"\" class=\"wp-image-3438\" style=\"aspect-ratio:2.2373737373737375;width:679px;height:auto\" srcset=\"https:\/\/victorhutt.com.ar\/wp-content\/uploads\/2024\/08\/image-5.png 886w, https:\/\/victorhutt.com.ar\/wp-content\/uploads\/2024\/08\/image-5-300x134.png 300w, https:\/\/victorhutt.com.ar\/wp-content\/uploads\/2024\/08\/image-5-768x343.png 768w\" sizes=\"auto, (max-width: 886px) 100vw, 886px\" \/><\/figure><\/div>\n\n\n<p>Y marchamos en la Capital Provincial<\/p>\n\n\n<div class=\"wp-block-image\">\n<figure class=\"aligncenter size-full is-resized\"><img loading=\"lazy\" decoding=\"async\" width=\"728\" height=\"330\" src=\"https:\/\/victorhutt.com.ar\/wp-content\/uploads\/2024\/08\/image-6.png\" alt=\"\" class=\"wp-image-3439\" style=\"aspect-ratio:2.206060606060606;width:671px;height:auto\" srcset=\"https:\/\/victorhutt.com.ar\/wp-content\/uploads\/2024\/08\/image-6.png 728w, https:\/\/victorhutt.com.ar\/wp-content\/uploads\/2024\/08\/image-6-300x136.png 300w\" sizes=\"auto, (max-width: 728px) 100vw, 728px\" \/><\/figure><\/div>\n\n\n<p>Y marchamos en todas las ciudades de Entre R\u00edos<\/p>\n\n\n<div class=\"wp-block-image\">\n<figure class=\"aligncenter size-full is-resized\"><img loading=\"lazy\" decoding=\"async\" width=\"886\" height=\"538\" src=\"https:\/\/victorhutt.com.ar\/wp-content\/uploads\/2024\/08\/image-7.png\" alt=\"\" class=\"wp-image-3440\" style=\"aspect-ratio:1.6468401486988848;width:652px;height:auto\" srcset=\"https:\/\/victorhutt.com.ar\/wp-content\/uploads\/2024\/08\/image-7.png 886w, https:\/\/victorhutt.com.ar\/wp-content\/uploads\/2024\/08\/image-7-300x182.png 300w, https:\/\/victorhutt.com.ar\/wp-content\/uploads\/2024\/08\/image-7-768x466.png 768w\" sizes=\"auto, (max-width: 886px) 100vw, 886px\" \/><\/figure><\/div>\n\n\n<p>Y hasta Urquiza nos acompa\u00f1a en los reclamos;<\/p>\n\n\n<div class=\"wp-block-image\">\n<figure class=\"aligncenter size-full is-resized\"><img loading=\"lazy\" decoding=\"async\" width=\"572\" height=\"773\" src=\"https:\/\/victorhutt.com.ar\/wp-content\/uploads\/2024\/08\/image-8.png\" alt=\"\" class=\"wp-image-3441\" style=\"aspect-ratio:0.7399741267787839;width:416px;height:auto\" srcset=\"https:\/\/victorhutt.com.ar\/wp-content\/uploads\/2024\/08\/image-8.png 572w, https:\/\/victorhutt.com.ar\/wp-content\/uploads\/2024\/08\/image-8-222x300.png 222w\" sizes=\"auto, (max-width: 572px) 100vw, 572px\" \/><\/figure><\/div>\n\n\n<p><strong>LAS ESCUELAS EST\u00c1N TAN EMPOBRECIDAS COMO LOS Y LAS DOCENTES<\/strong><\/p>\n\n\n\n<p>A pesar de haber visto al gobernador pintando escuelas a comienzo de a\u00f1o, a pesar de estar escuchando sus videos medi\u00e1ticos del a\u00f1o pasado diciendo maravillas de lo que har\u00eda en Educaci\u00f3n y en nuestras escuelas, a muy poco tiempo queda demostrado que todo eso era s\u00f3lo un marketing publicitario, hoy nos encontramos con la paralizaci\u00f3n total de las obras de reparaciones de la infraestructura edilicia, s\u00f3lo vemos aparatosos actos en los cuales el gobernador entrega obras que fueron realizadas por el gobierno anterior, pero adem\u00e1s, las escuelas recib\u00edan un fondo de mantenimiento, absolutamente insuficiente y congelado desde marzo, pero ya no lo reciben m\u00e1s, se cort\u00f3 tambi\u00e9n el fondo mensual de mantenimiento desde el mes de julio.<\/p>\n\n\n\n<p>Las escuelas se encuentran en una situaci\u00f3n dram\u00e1tica, sin mantenimiento, sin creaci\u00f3n de cargos necesarios y con sus docentes tr\u00e1gicamente empobrecidos.<\/p>\n\n\n\n<p><strong>CASTIGO A TODOS LOS DOCENTES POR IGUAL AL RECHAZAR OFERTAS EMPOBRECEDORAS<\/strong><\/p>\n\n\n\n<p>Ya sucedi\u00f3 en el mes de febrero, marzo y abril y vuelve a suceder en Julio, el costo de vida sube y necesariamente los salarios se deben actualizar, aunque no haya acuerdo con los sindicatos por ser insuficientes, pero el gobernador extorsiona golpeando el sustento familiar de la familia docente, quita los aumentos si no nos arrodillamos para aceptarlos y convalidamos el empobrecimiento, se est\u00e1 metiendo con nuestras familias, est\u00e1 castigando a nuestras familias y eso genera mucha bronca que se est\u00e1 manifestando en las calles y en los alt\u00edsimos porcentajes de acatamiento a las medidas de fuerza.<\/p>\n\n\n\n<p>Quien escribe este texto es padre de familia y con la suficiente dignidad para enfrentar con toda la fuerza necesaria a un nefasto gobernador que niega las insuficientes actualizaciones salariales con las que necesito sostener a mi familia, mensaje directo para Rogelio Frigerio, que se est\u00e1 pasando de los l\u00edmites permitidos.<\/p>\n\n\n\n<p>Pero adem\u00e1s de negar los aumentos, de quedarse con los fondos que deb\u00edan ser destinados a actualizaciones salariales, castiga con el descuento de sueldo por adherir a los paros decididos por la mayor\u00eda, nuevamente se est\u00e1 metiendo con el sustento de nuestras familias.<\/p>\n\n\n\n<p>A\u00fan quedan muy pocos docentes que forman parte de su grupo de seguidores y no adhieren a las medidas gremiales, que siguen esperando que m\u00e1gicamente el gobernador deje de ser lo que ampliamente ha demostrado que es, un empobrecedor de la clase obrera, pero a pesar de que lo acompa\u00f1an, tambi\u00e9n son castigados, porque tampoco reciben la actualizaci\u00f3n salarial.<\/p>\n\n\n\n<p><strong>LA SOLUCI\u00d3N<\/strong><\/p>\n\n\n\n<p>La soluci\u00f3n al conflicto es generar los recursos para frenar el empobrecimiento docente, para reparar y mantener a las escuelas, para crear los cargos que necesitamos en el sistema educativo, si no es capaz de hacerlo, entonces no es capaz de gobernar la provincia de Entre R\u00edos. Para lograr los recursos debe dejar de acompa\u00f1ar el plan de saqueo de las provincias que est\u00e1 llevando a cabo el presidente Milei, la falta de fondos de la provincia no se debe a circunstancias propias de la provincia, pero tampoco se deben a errores de gesti\u00f3n, se deben a que hay un plan para que esto suceda y en ese plan de Milei, Frigerio es su principal aliado estrat\u00e9gico, nos tiene de rehenes a los entrerrianos para llevar adelante un programa de saqueo de la clase trabajadora, unitario en la distribuci\u00f3n, contrario al federalismo que ha sido defendido con la sangre de muchos entrerrianos que nos precedieron, est\u00e1 traicionando a los trabajadores y a la historia de Entre R\u00edos.<\/p>\n\n\n\n<p>Seguramente en los pr\u00f3ximos d\u00edas nos encontraremos con nuevas amenazas de descuentos por d\u00edas de paro, con falsas campa\u00f1as de prensa contra docentes y sindicalistas docentes, con la interrupci\u00f3n de los paros con ayuda del poder judicial dictando una conciliaci\u00f3n obligatoria y ser\u00e1 all\u00ed donde el poder judicial deber\u00e1 intervenir en el conflicto y exigir que los aumentos de salario sean de acuerdo al costo de vida, como lo marca la Constituci\u00f3n, como lo deber\u00eda haber hecho hace mucho tiempo, alg\u00fan juez tendr\u00e1 que despertar del letargo y actuar por sus convicciones y no ante el llamado del poder representado por el gobernador empobrecedor.<\/p>\n\n\n\n<p>V\u00edctor Hutt, docente de Entre R\u00edos.<\/p>\n<div class=\"pvc_clear\"><\/div><p id=\"pvc_stats_3432\" class=\"pvc_stats all  \" data-element-id=\"3432\" style=\"\"><i class=\"pvc-stats-icon medium\" aria-hidden=\"true\"><svg aria-hidden=\"true\" focusable=\"false\" data-prefix=\"far\" data-icon=\"chart-bar\" role=\"img\" xmlns=\"http:\/\/www.w3.org\/2000\/svg\" viewBox=\"0 0 512 512\" class=\"svg-inline--fa fa-chart-bar fa-w-16 fa-2x\"><path fill=\"currentColor\" d=\"M396.8 352h22.4c6.4 0 12.8-6.4 12.8-12.8V108.8c0-6.4-6.4-12.8-12.8-12.8h-22.4c-6.4 0-12.8 6.4-12.8 12.8v230.4c0 6.4 6.4 12.8 12.8 12.8zm-192 0h22.4c6.4 0 12.8-6.4 12.8-12.8V140.8c0-6.4-6.4-12.8-12.8-12.8h-22.4c-6.4 0-12.8 6.4-12.8 12.8v198.4c0 6.4 6.4 12.8 12.8 12.8zm96 0h22.4c6.4 0 12.8-6.4 12.8-12.8V204.8c0-6.4-6.4-12.8-12.8-12.8h-22.4c-6.4 0-12.8 6.4-12.8 12.8v134.4c0 6.4 6.4 12.8 12.8 12.8zM496 400H48V80c0-8.84-7.16-16-16-16H16C7.16 64 0 71.16 0 80v336c0 17.67 14.33 32 32 32h464c8.84 0 16-7.16 16-16v-16c0-8.84-7.16-16-16-16zm-387.2-48h22.4c6.4 0 12.8-6.4 12.8-12.8v-70.4c0-6.4-6.4-12.8-12.8-12.8h-22.4c-6.4 0-12.8 6.4-12.8 12.8v70.4c0 6.4 6.4 12.8 12.8 12.8z\" class=\"\"><\/path><\/svg><\/i> <img loading=\"lazy\" decoding=\"async\" width=\"16\" height=\"16\" alt=\"Loading\" src=\"https:\/\/victorhutt.com.ar\/wp-content\/plugins\/page-views-count\/ajax-loader-2x.gif\" border=0 \/><\/p><div class=\"pvc_clear\"><\/div>","protected":false},"excerpt":{"rendered":"<p>Art\u00edculo completo en pdf: El Congreso de AGMER, con el mandato de los 17 departamentos que llevaron lo resuelto en miles de asambleas en toda la provincia resolvi\u00f3 que de no haber oferta que cumpla ciertos requisitos, no se someter\u00eda lo ofrecido a nueva consulta y se ejecutar\u00edan los paros votados por el congreso con mandatos de asambleas. Lo que ocurri\u00f3 el viernes 9 de agosto fue, claramente, que el gobierno no present\u00f3 oferta superadora, present\u00f3 dos ofertas que en su formulaci\u00f3n demuestran no entender nada del salario docente de Entre R\u00edos y tambi\u00e9n demuestran que no les importa el<\/p>\n<div class=\"pvc_clear\"><\/div>\n<p id=\"pvc_stats_3432\" class=\"pvc_stats all  \" data-element-id=\"3432\" style=\"\"><i class=\"pvc-stats-icon medium\" aria-hidden=\"true\"><svg aria-hidden=\"true\" focusable=\"false\" data-prefix=\"far\" data-icon=\"chart-bar\" role=\"img\" xmlns=\"http:\/\/www.w3.org\/2000\/svg\" viewBox=\"0 0 512 512\" class=\"svg-inline--fa fa-chart-bar fa-w-16 fa-2x\"><path fill=\"currentColor\" d=\"M396.8 352h22.4c6.4 0 12.8-6.4 12.8-12.8V108.8c0-6.4-6.4-12.8-12.8-12.8h-22.4c-6.4 0-12.8 6.4-12.8 12.8v230.4c0 6.4 6.4 12.8 12.8 12.8zm-192 0h22.4c6.4 0 12.8-6.4 12.8-12.8V140.8c0-6.4-6.4-12.8-12.8-12.8h-22.4c-6.4 0-12.8 6.4-12.8 12.8v198.4c0 6.4 6.4 12.8 12.8 12.8zm96 0h22.4c6.4 0 12.8-6.4 12.8-12.8V204.8c0-6.4-6.4-12.8-12.8-12.8h-22.4c-6.4 0-12.8 6.4-12.8 12.8v134.4c0 6.4 6.4 12.8 12.8 12.8zM496 400H48V80c0-8.84-7.16-16-16-16H16C7.16 64 0 71.16 0 80v336c0 17.67 14.33 32 32 32h464c8.84 0 16-7.16 16-16v-16c0-8.84-7.16-16-16-16zm-387.2-48h22.4c6.4 0 12.8-6.4 12.8-12.8v-70.4c0-6.4-6.4-12.8-12.8-12.8h-22.4c-6.4 0-12.8 6.4-12.8 12.8v70.4c0 6.4 6.4 12.8 12.8 12.8z\" class=\"\"><\/path><\/svg><\/i> <img loading=\"lazy\" decoding=\"async\" width=\"16\" height=\"16\" alt=\"Loading\" src=\"https:\/\/victorhutt.com.ar\/wp-content\/plugins\/page-views-count\/ajax-loader-2x.gif\" border=0 \/><\/p>\n<div class=\"pvc_clear\"><\/div>\n","protected":false},"author":1,"featured_media":3436,"comment_status":"open","ping_status":"closed","sticky":false,"template":"","format":"standard","meta":{"om_disable_all_campaigns":false,"_monsterinsights_skip_tracking":false,"_monsterinsights_sitenote_active":false,"_monsterinsights_sitenote_note":"","_monsterinsights_sitenote_category":0,"footnotes":"","_links_to":"","_links_to_target":""},"categories":[33],"tags":[],"class_list":["post-3432","post","type-post","status-publish","format-standard","has-post-thumbnail","hentry","category-mistextos"],"a3_pvc":{"activated":true,"total_views":52,"today_views":0},"jetpack_featured_media_url":"https:\/\/victorhutt.com.ar\/wp-content\/uploads\/2024\/08\/image-3.png","_links":{"self":[{"href":"https:\/\/victorhutt.com.ar\/index.php\/wp-json\/wp\/v2\/posts\/3432","targetHints":{"allow":["GET"]}}],"collection":[{"href":"https:\/\/victorhutt.com.ar\/index.php\/wp-json\/wp\/v2\/posts"}],"about":[{"href":"https:\/\/victorhutt.com.ar\/index.php\/wp-json\/wp\/v2\/types\/post"}],"author":[{"embeddable":true,"href":"https:\/\/victorhutt.com.ar\/index.php\/wp-json\/wp\/v2\/users\/1"}],"replies":[{"embeddable":true,"href":"https:\/\/victorhutt.com.ar\/index.php\/wp-json\/wp\/v2\/comments?post=3432"}],"version-history":[{"count":2,"href":"https:\/\/victorhutt.com.ar\/index.php\/wp-json\/wp\/v2\/posts\/3432\/revisions"}],"predecessor-version":[{"id":3445,"href":"https:\/\/victorhutt.com.ar\/index.php\/wp-json\/wp\/v2\/posts\/3432\/revisions\/3445"}],"wp:featuredmedia":[{"embeddable":true,"href":"https:\/\/victorhutt.com.ar\/index.php\/wp-json\/wp\/v2\/media\/3436"}],"wp:attachment":[{"href":"https:\/\/victorhutt.com.ar\/index.php\/wp-json\/wp\/v2\/media?parent=3432"}],"wp:term":[{"taxonomy":"category","embeddable":true,"href":"https:\/\/victorhutt.com.ar\/index.php\/wp-json\/wp\/v2\/categories?post=3432"},{"taxonomy":"post_tag","embeddable":true,"href":"https:\/\/victorhutt.com.ar\/index.php\/wp-json\/wp\/v2\/tags?post=3432"}],"curies":[{"name":"wp","href":"https:\/\/api.w.org\/{rel}","templated":true}]}}