{"id":3267,"date":"2024-03-02T16:00:14","date_gmt":"2024-03-02T19:00:14","guid":{"rendered":"https:\/\/victorhutt.com.ar\/?p=3267"},"modified":"2024-03-02T16:00:15","modified_gmt":"2024-03-02T19:00:15","slug":"entrevista-radio-plaza-01-03-2024","status":"publish","type":"post","link":"https:\/\/victorhutt.com.ar\/index.php\/2024\/03\/02\/entrevista-radio-plaza-01-03-2024\/","title":{"rendered":"Entrevista radio Plaza 01\/03\/2024"},"content":{"rendered":"\n<figure class=\"wp-block-audio\"><audio controls src=\"https:\/\/victorhutt.com.ar\/wp-content\/uploads\/2024\/03\/entrevista-radio-plaza-010324.mp3\"><\/audio><\/figure>\n\n\n\n<p>En esta entrevista explico los motivos del paro docente de AGMER, los alcances del tremendo recorte salarial que hemos sufrido los docentes de Entre R\u00edos, que en este momento, para los cargos iniciales, llega al 47% del valor adquisitivo del salario; tambi\u00e9n se dialoga sobre la hist\u00f3rica forma de toma de decisiones en AGMER que garantiza la participaci\u00f3n de todos los trabajadores, se desmienten conceptos falsos que circulan por los medios y redes sociales y pretenden deformar la realidad.<\/p>\n\n\n<div class=\"wp-block-image\">\n<figure class=\"aligncenter size-full\"><img loading=\"lazy\" decoding=\"async\" width=\"520\" height=\"282\" src=\"https:\/\/victorhutt.com.ar\/wp-content\/uploads\/2024\/03\/entrevistavictorhutt.jpg\" alt=\"\" class=\"wp-image-3269\" srcset=\"https:\/\/victorhutt.com.ar\/wp-content\/uploads\/2024\/03\/entrevistavictorhutt.jpg 520w, https:\/\/victorhutt.com.ar\/wp-content\/uploads\/2024\/03\/entrevistavictorhutt-300x163.jpg 300w\" sizes=\"auto, (max-width: 520px) 100vw, 520px\" \/><\/figure><\/div><div class=\"pvc_clear\"><\/div><p id=\"pvc_stats_3267\" class=\"pvc_stats all  \" data-element-id=\"3267\" style=\"\"><i class=\"pvc-stats-icon medium\" aria-hidden=\"true\"><svg aria-hidden=\"true\" focusable=\"false\" data-prefix=\"far\" data-icon=\"chart-bar\" role=\"img\" xmlns=\"http:\/\/www.w3.org\/2000\/svg\" viewBox=\"0 0 512 512\" class=\"svg-inline--fa fa-chart-bar fa-w-16 fa-2x\"><path fill=\"currentColor\" d=\"M396.8 352h22.4c6.4 0 12.8-6.4 12.8-12.8V108.8c0-6.4-6.4-12.8-12.8-12.8h-22.4c-6.4 0-12.8 6.4-12.8 12.8v230.4c0 6.4 6.4 12.8 12.8 12.8zm-192 0h22.4c6.4 0 12.8-6.4 12.8-12.8V140.8c0-6.4-6.4-12.8-12.8-12.8h-22.4c-6.4 0-12.8 6.4-12.8 12.8v198.4c0 6.4 6.4 12.8 12.8 12.8zm96 0h22.4c6.4 0 12.8-6.4 12.8-12.8V204.8c0-6.4-6.4-12.8-12.8-12.8h-22.4c-6.4 0-12.8 6.4-12.8 12.8v134.4c0 6.4 6.4 12.8 12.8 12.8zM496 400H48V80c0-8.84-7.16-16-16-16H16C7.16 64 0 71.16 0 80v336c0 17.67 14.33 32 32 32h464c8.84 0 16-7.16 16-16v-16c0-8.84-7.16-16-16-16zm-387.2-48h22.4c6.4 0 12.8-6.4 12.8-12.8v-70.4c0-6.4-6.4-12.8-12.8-12.8h-22.4c-6.4 0-12.8 6.4-12.8 12.8v70.4c0 6.4 6.4 12.8 12.8 12.8z\" class=\"\"><\/path><\/svg><\/i> <img loading=\"lazy\" decoding=\"async\" width=\"16\" height=\"16\" alt=\"Loading\" src=\"https:\/\/victorhutt.com.ar\/wp-content\/plugins\/page-views-count\/ajax-loader-2x.gif\" border=0 \/><\/p><div class=\"pvc_clear\"><\/div>","protected":false},"excerpt":{"rendered":"<p>En esta entrevista explico los motivos del paro docente de AGMER, los alcances del tremendo recorte salarial que hemos sufrido los docentes de Entre R\u00edos, que en este momento, para los cargos iniciales, llega al 47% del valor adquisitivo del salario; tambi\u00e9n se dialoga sobre la hist\u00f3rica forma de toma de decisiones en AGMER que garantiza la participaci\u00f3n de todos los trabajadores, se desmienten conceptos falsos que circulan por los medios y redes sociales y pretenden deformar la realidad.<\/p>\n<div class=\"pvc_clear\"><\/div>\n<p id=\"pvc_stats_3267\" class=\"pvc_stats all  \" data-element-id=\"3267\" style=\"\"><i class=\"pvc-stats-icon medium\" aria-hidden=\"true\"><svg aria-hidden=\"true\" focusable=\"false\" data-prefix=\"far\" data-icon=\"chart-bar\" role=\"img\" xmlns=\"http:\/\/www.w3.org\/2000\/svg\" viewBox=\"0 0 512 512\" class=\"svg-inline--fa fa-chart-bar fa-w-16 fa-2x\"><path fill=\"currentColor\" d=\"M396.8 352h22.4c6.4 0 12.8-6.4 12.8-12.8V108.8c0-6.4-6.4-12.8-12.8-12.8h-22.4c-6.4 0-12.8 6.4-12.8 12.8v230.4c0 6.4 6.4 12.8 12.8 12.8zm-192 0h22.4c6.4 0 12.8-6.4 12.8-12.8V140.8c0-6.4-6.4-12.8-12.8-12.8h-22.4c-6.4 0-12.8 6.4-12.8 12.8v198.4c0 6.4 6.4 12.8 12.8 12.8zm96 0h22.4c6.4 0 12.8-6.4 12.8-12.8V204.8c0-6.4-6.4-12.8-12.8-12.8h-22.4c-6.4 0-12.8 6.4-12.8 12.8v134.4c0 6.4 6.4 12.8 12.8 12.8zM496 400H48V80c0-8.84-7.16-16-16-16H16C7.16 64 0 71.16 0 80v336c0 17.67 14.33 32 32 32h464c8.84 0 16-7.16 16-16v-16c0-8.84-7.16-16-16-16zm-387.2-48h22.4c6.4 0 12.8-6.4 12.8-12.8v-70.4c0-6.4-6.4-12.8-12.8-12.8h-22.4c-6.4 0-12.8 6.4-12.8 12.8v70.4c0 6.4 6.4 12.8 12.8 12.8z\" class=\"\"><\/path><\/svg><\/i> <img loading=\"lazy\" decoding=\"async\" width=\"16\" height=\"16\" alt=\"Loading\" src=\"https:\/\/victorhutt.com.ar\/wp-content\/plugins\/page-views-count\/ajax-loader-2x.gif\" border=0 \/><\/p>\n<div class=\"pvc_clear\"><\/div>\n","protected":false},"author":1,"featured_media":3269,"comment_status":"open","ping_status":"closed","sticky":false,"template":"","format":"standard","meta":{"om_disable_all_campaigns":false,"_monsterinsights_skip_tracking":false,"_monsterinsights_sitenote_active":false,"_monsterinsights_sitenote_note":"","_monsterinsights_sitenote_category":0,"footnotes":"","_links_to":"","_links_to_target":""},"categories":[33],"tags":[],"class_list":["post-3267","post","type-post","status-publish","format-standard","has-post-thumbnail","hentry","category-mistextos"],"a3_pvc":{"activated":true,"total_views":49,"today_views":0},"jetpack_featured_media_url":"https:\/\/victorhutt.com.ar\/wp-content\/uploads\/2024\/03\/entrevistavictorhutt.jpg","_links":{"self":[{"href":"https:\/\/victorhutt.com.ar\/index.php\/wp-json\/wp\/v2\/posts\/3267","targetHints":{"allow":["GET"]}}],"collection":[{"href":"https:\/\/victorhutt.com.ar\/index.php\/wp-json\/wp\/v2\/posts"}],"about":[{"href":"https:\/\/victorhutt.com.ar\/index.php\/wp-json\/wp\/v2\/types\/post"}],"author":[{"embeddable":true,"href":"https:\/\/victorhutt.com.ar\/index.php\/wp-json\/wp\/v2\/users\/1"}],"replies":[{"embeddable":true,"href":"https:\/\/victorhutt.com.ar\/index.php\/wp-json\/wp\/v2\/comments?post=3267"}],"version-history":[{"count":1,"href":"https:\/\/victorhutt.com.ar\/index.php\/wp-json\/wp\/v2\/posts\/3267\/revisions"}],"predecessor-version":[{"id":3270,"href":"https:\/\/victorhutt.com.ar\/index.php\/wp-json\/wp\/v2\/posts\/3267\/revisions\/3270"}],"wp:featuredmedia":[{"embeddable":true,"href":"https:\/\/victorhutt.com.ar\/index.php\/wp-json\/wp\/v2\/media\/3269"}],"wp:attachment":[{"href":"https:\/\/victorhutt.com.ar\/index.php\/wp-json\/wp\/v2\/media?parent=3267"}],"wp:term":[{"taxonomy":"category","embeddable":true,"href":"https:\/\/victorhutt.com.ar\/index.php\/wp-json\/wp\/v2\/categories?post=3267"},{"taxonomy":"post_tag","embeddable":true,"href":"https:\/\/victorhutt.com.ar\/index.php\/wp-json\/wp\/v2\/tags?post=3267"}],"curies":[{"name":"wp","href":"https:\/\/api.w.org\/{rel}","templated":true}]}}