{"id":3200,"date":"2024-01-25T23:00:00","date_gmt":"2024-01-26T02:00:00","guid":{"rendered":"https:\/\/victorhutt.com.ar\/?p=3200"},"modified":"2024-01-26T14:55:12","modified_gmt":"2024-01-26T17:55:12","slug":"la-simpleza-de-un-comentario-en-las-redes-sin-conciencia-y-sin-compromiso","status":"publish","type":"post","link":"https:\/\/victorhutt.com.ar\/index.php\/2024\/01\/25\/la-simpleza-de-un-comentario-en-las-redes-sin-conciencia-y-sin-compromiso\/","title":{"rendered":"LA SIMPLEZA DE UN COMENTARIO EN LAS REDES SIN CONCIENCIA Y SIN COMPROMISO"},"content":{"rendered":"\n<p>Grandes movilizaciones se dieron este mi\u00e9rcoles 24 de enero en todo nuestro pa\u00eds, pero tambi\u00e9n hubo organizaciones de trabajadores de otros pa\u00edses que acompa\u00f1aron el sentido de las movilizaciones.<\/p>\n\n\n\n<p>Marchamos los y las trabajadoras juntos a infinidad de sectores sociales que se organizan con distintos objetivos, de diversos proyectos y que adem\u00e1s de dedicarse a sus tareas, piensan, luchan, militan, entregan su tiempo tras una causa.<\/p>\n\n\n\n<figure class=\"wp-block-image size-full\"><img loading=\"lazy\" decoding=\"async\" width=\"886\" height=\"284\" src=\"https:\/\/victorhutt.com.ar\/wp-content\/uploads\/2024\/01\/image-3.png\" alt=\"\" class=\"wp-image-3202\" srcset=\"https:\/\/victorhutt.com.ar\/wp-content\/uploads\/2024\/01\/image-3.png 886w, https:\/\/victorhutt.com.ar\/wp-content\/uploads\/2024\/01\/image-3-300x96.png 300w, https:\/\/victorhutt.com.ar\/wp-content\/uploads\/2024\/01\/image-3-768x246.png 768w\" sizes=\"auto, (max-width: 886px) 100vw, 886px\" \/><\/figure>\n\n\n\n<p>Las movilizaciones fueron multitudinarias y sumaron a todos los argentinos que luchan, que defienden derechos, que buscan mejores condiciones de vida para el pueblo trabajador, estuvimos todos en la calle.<\/p>\n\n\n\n<p>En otro lado, en un c\u00f3modo sill\u00f3n de sus cuevas, los que no salen, los que tienen miedo, los que no aportan un minuto de su vida a pensar en un proyecto colectivo de sociedad, pudieron sacar su odio mediante las redes sociales, al sentirse tristes por no tener las convicciones y principios de los que marchan, recurrieron al odio que sienten por quienes s\u00ed los tienen, por quienes dedican su vida a pensar en sus semejantes.<\/p>\n\n\n\n<p>\u201cSe les acab\u00f3 la joda\u201d, \u201cno les gusta trabajar\u201d, \u201cagarren una pala\u201d y muchas m\u00e1s frases hechas para expresar el odio a la clase obrera, que salen de las usinas de imposici\u00f3n del sentido com\u00fan de la oligarqu\u00eda, una realidad virtual creada por los ide\u00f3logos de la clase que jam\u00e1s trabaj\u00f3, que recibi\u00f3 todo por herencia, que estaf\u00f3, que fue c\u00f3mplice de genocidios para juntar su riqueza.<\/p>\n\n\n\n<p>Pero la realidad de la calle era otra, quienes marchamos fuimos justamente los que hemos trabajado toda nuestra vida y seguiremos trabajando siempre, porque vivimos exclusivamente de nuestro trabajo, incluidos a los militantes gremiales elegidos justamente por los sectores de trabajadores para representarlos en las luchas por sus derechos, por sus condiciones laborales.<\/p>\n\n\n\n<p>Hoy en la calle estuvieron los trabajadores portuarios, pueden pasar por el puerto para verificar como trabajan, los molineros que producen nuestro alimento, los empleados de comercio que vemos diariamente trabajando, los trabajadores de la salud, que nos atendieron en la pandemia y cuidan nuestra salud, los docentes de nuestros hijos, los camioneros que conducen por jornadas agotadoras, los telef\u00f3nicos que garantizan que funcione nuestra comunicaci\u00f3n, los municipales que sostienen nuestra ciudad en funcionamiento, los trabajadores de los frigor\u00edficos, los trabajadores rurales, los trabajadores del INTA, de la UNER, del Palacio, los bancarios, los trabajadores monotributistas independientes que &nbsp;y en general todos los sectores laborales que generan la riqueza; pero tambi\u00e9n estuvieron los jubilados que trabajaron toda su vida, los teatreros, los sectores de la cultura y los movimientos sociales que, entre otras cosas, dedican su esfuerzo a sostener comedores comunitarios para ayudar a quienes los necesitan.<\/p>\n\n\n\n<p>Los miles de trabajadores que marchamos en Concepci\u00f3n del Uruguay y en todo el pa\u00eds somos justamente los que sostenemos la Patria con nuestro trabajo, pero adem\u00e1s de trabajar y cumplir con nuestras obligaciones, PENSAMOS Y SOSTENEMOS NUESTROS PRINCIPIOS Y CONVICCIONES PONIENDO LE CUERPO EN LA CALLE.<\/p>\n\n\n\n<p>Quienes opinan y agreden por las redes no existen, que se peleen con ellos mismos, contra su cobard\u00eda, contra su falta de pensamiento propio, con las ideas que les metieron en la cabeza, contra su militancia a favor de la oligarqu\u00eda perteneciendo a la clase trabajadora.<\/p>\n\n\n\n<p>Pero tranquilos, quienes hoy salimos a marchar, salimos a defender nuestros derechos como clase trabajadora, all\u00ed est\u00e1n incluidos los desclasados que agreden, son tan necios que enfrentan a los de su clase y defienden a la oligarqu\u00eda que hoy viene por destruir nuestros ingresos, nuestros derechos, nuestras condiciones de vida. Tranquilos de nuevo, no son nuestros enemigos, confiamos que tarde o temprano tendr\u00e1n que descubrir que se est\u00e1n equivocando y se sumar\u00e1n a la lucha en el lugar correcto, no nos ofenden sus agresiones, nos producen l\u00e1stima, pero sabemos que crecer\u00e1n hasta darse cuenta, que la miseria que nos est\u00e1n preparando entrar\u00e1 por sus est\u00f3magos y les corregir\u00e1 el despelote que tienen en la cabeza.<\/p>\n<div class=\"pvc_clear\"><\/div><p id=\"pvc_stats_3200\" class=\"pvc_stats all  \" data-element-id=\"3200\" style=\"\"><i class=\"pvc-stats-icon medium\" aria-hidden=\"true\"><svg aria-hidden=\"true\" focusable=\"false\" data-prefix=\"far\" data-icon=\"chart-bar\" role=\"img\" xmlns=\"http:\/\/www.w3.org\/2000\/svg\" viewBox=\"0 0 512 512\" class=\"svg-inline--fa fa-chart-bar fa-w-16 fa-2x\"><path fill=\"currentColor\" d=\"M396.8 352h22.4c6.4 0 12.8-6.4 12.8-12.8V108.8c0-6.4-6.4-12.8-12.8-12.8h-22.4c-6.4 0-12.8 6.4-12.8 12.8v230.4c0 6.4 6.4 12.8 12.8 12.8zm-192 0h22.4c6.4 0 12.8-6.4 12.8-12.8V140.8c0-6.4-6.4-12.8-12.8-12.8h-22.4c-6.4 0-12.8 6.4-12.8 12.8v198.4c0 6.4 6.4 12.8 12.8 12.8zm96 0h22.4c6.4 0 12.8-6.4 12.8-12.8V204.8c0-6.4-6.4-12.8-12.8-12.8h-22.4c-6.4 0-12.8 6.4-12.8 12.8v134.4c0 6.4 6.4 12.8 12.8 12.8zM496 400H48V80c0-8.84-7.16-16-16-16H16C7.16 64 0 71.16 0 80v336c0 17.67 14.33 32 32 32h464c8.84 0 16-7.16 16-16v-16c0-8.84-7.16-16-16-16zm-387.2-48h22.4c6.4 0 12.8-6.4 12.8-12.8v-70.4c0-6.4-6.4-12.8-12.8-12.8h-22.4c-6.4 0-12.8 6.4-12.8 12.8v70.4c0 6.4 6.4 12.8 12.8 12.8z\" class=\"\"><\/path><\/svg><\/i> <img loading=\"lazy\" decoding=\"async\" width=\"16\" height=\"16\" alt=\"Loading\" src=\"https:\/\/victorhutt.com.ar\/wp-content\/plugins\/page-views-count\/ajax-loader-2x.gif\" border=0 \/><\/p><div class=\"pvc_clear\"><\/div>","protected":false},"excerpt":{"rendered":"<p>Grandes movilizaciones se dieron este mi\u00e9rcoles 24 de enero en todo nuestro pa\u00eds, pero tambi\u00e9n hubo organizaciones de trabajadores de otros pa\u00edses que acompa\u00f1aron el sentido de las movilizaciones. Marchamos los y las trabajadoras juntos a infinidad de sectores sociales que se organizan con distintos objetivos, de diversos proyectos y que adem\u00e1s de dedicarse a sus tareas, piensan, luchan, militan, entregan su tiempo tras una causa. Las movilizaciones fueron multitudinarias y sumaron a todos los argentinos que luchan, que defienden derechos, que buscan mejores condiciones de vida para el pueblo trabajador, estuvimos todos en la calle. En otro lado, en<\/p>\n<div class=\"pvc_clear\"><\/div>\n<p id=\"pvc_stats_3200\" class=\"pvc_stats all  \" data-element-id=\"3200\" style=\"\"><i class=\"pvc-stats-icon medium\" aria-hidden=\"true\"><svg aria-hidden=\"true\" focusable=\"false\" data-prefix=\"far\" data-icon=\"chart-bar\" role=\"img\" xmlns=\"http:\/\/www.w3.org\/2000\/svg\" viewBox=\"0 0 512 512\" class=\"svg-inline--fa fa-chart-bar fa-w-16 fa-2x\"><path fill=\"currentColor\" d=\"M396.8 352h22.4c6.4 0 12.8-6.4 12.8-12.8V108.8c0-6.4-6.4-12.8-12.8-12.8h-22.4c-6.4 0-12.8 6.4-12.8 12.8v230.4c0 6.4 6.4 12.8 12.8 12.8zm-192 0h22.4c6.4 0 12.8-6.4 12.8-12.8V140.8c0-6.4-6.4-12.8-12.8-12.8h-22.4c-6.4 0-12.8 6.4-12.8 12.8v198.4c0 6.4 6.4 12.8 12.8 12.8zm96 0h22.4c6.4 0 12.8-6.4 12.8-12.8V204.8c0-6.4-6.4-12.8-12.8-12.8h-22.4c-6.4 0-12.8 6.4-12.8 12.8v134.4c0 6.4 6.4 12.8 12.8 12.8zM496 400H48V80c0-8.84-7.16-16-16-16H16C7.16 64 0 71.16 0 80v336c0 17.67 14.33 32 32 32h464c8.84 0 16-7.16 16-16v-16c0-8.84-7.16-16-16-16zm-387.2-48h22.4c6.4 0 12.8-6.4 12.8-12.8v-70.4c0-6.4-6.4-12.8-12.8-12.8h-22.4c-6.4 0-12.8 6.4-12.8 12.8v70.4c0 6.4 6.4 12.8 12.8 12.8z\" class=\"\"><\/path><\/svg><\/i> <img loading=\"lazy\" decoding=\"async\" width=\"16\" height=\"16\" alt=\"Loading\" src=\"https:\/\/victorhutt.com.ar\/wp-content\/plugins\/page-views-count\/ajax-loader-2x.gif\" border=0 \/><\/p>\n<div class=\"pvc_clear\"><\/div>\n","protected":false},"author":1,"featured_media":3202,"comment_status":"open","ping_status":"closed","sticky":false,"template":"","format":"standard","meta":{"om_disable_all_campaigns":false,"_monsterinsights_skip_tracking":false,"_monsterinsights_sitenote_active":false,"_monsterinsights_sitenote_note":"","_monsterinsights_sitenote_category":0,"footnotes":"","_links_to":"","_links_to_target":""},"categories":[33],"tags":[],"class_list":["post-3200","post","type-post","status-publish","format-standard","has-post-thumbnail","hentry","category-mistextos"],"a3_pvc":{"activated":true,"total_views":18,"today_views":0},"jetpack_featured_media_url":"https:\/\/victorhutt.com.ar\/wp-content\/uploads\/2024\/01\/image-3.png","_links":{"self":[{"href":"https:\/\/victorhutt.com.ar\/index.php\/wp-json\/wp\/v2\/posts\/3200","targetHints":{"allow":["GET"]}}],"collection":[{"href":"https:\/\/victorhutt.com.ar\/index.php\/wp-json\/wp\/v2\/posts"}],"about":[{"href":"https:\/\/victorhutt.com.ar\/index.php\/wp-json\/wp\/v2\/types\/post"}],"author":[{"embeddable":true,"href":"https:\/\/victorhutt.com.ar\/index.php\/wp-json\/wp\/v2\/users\/1"}],"replies":[{"embeddable":true,"href":"https:\/\/victorhutt.com.ar\/index.php\/wp-json\/wp\/v2\/comments?post=3200"}],"version-history":[{"count":2,"href":"https:\/\/victorhutt.com.ar\/index.php\/wp-json\/wp\/v2\/posts\/3200\/revisions"}],"predecessor-version":[{"id":3204,"href":"https:\/\/victorhutt.com.ar\/index.php\/wp-json\/wp\/v2\/posts\/3200\/revisions\/3204"}],"wp:featuredmedia":[{"embeddable":true,"href":"https:\/\/victorhutt.com.ar\/index.php\/wp-json\/wp\/v2\/media\/3202"}],"wp:attachment":[{"href":"https:\/\/victorhutt.com.ar\/index.php\/wp-json\/wp\/v2\/media?parent=3200"}],"wp:term":[{"taxonomy":"category","embeddable":true,"href":"https:\/\/victorhutt.com.ar\/index.php\/wp-json\/wp\/v2\/categories?post=3200"},{"taxonomy":"post_tag","embeddable":true,"href":"https:\/\/victorhutt.com.ar\/index.php\/wp-json\/wp\/v2\/tags?post=3200"}],"curies":[{"name":"wp","href":"https:\/\/api.w.org\/{rel}","templated":true}]}}