{"id":3181,"date":"2023-12-23T00:03:00","date_gmt":"2023-12-23T03:03:00","guid":{"rendered":"https:\/\/victorhutt.com.ar\/?p=3181"},"modified":"2024-01-06T00:04:16","modified_gmt":"2024-01-06T03:04:16","slug":"las-plagas-de-milei-son-injustificables","status":"publish","type":"post","link":"https:\/\/victorhutt.com.ar\/index.php\/2023\/12\/23\/las-plagas-de-milei-son-injustificables\/","title":{"rendered":"Las plagas de Milei son injustificables"},"content":{"rendered":"\n<p>Para aquellos que intentan justificar las plagas de Milei, la destrucci\u00f3n de nuestras vidas y de nuestra Patria con el DNU inconstitucional que compr\u00f3 a Sturzenegger, con la venta de cada art\u00edculo a un millonario determinado, recurriendo a reproches al gobierno de Alberto Fern\u00e1ndez, les digo:<\/p>\n\n\n\n<p>Claro que nos dol\u00eda la realidad econ\u00f3mica y social hasta el 10 de diciembre, el gobierno de Alberto Fern\u00e1ndez no logr\u00f3 revertir los efectos de la deuda fraudulenta que nos introdujo <a><\/a>Macri, dinero que no lleg\u00f3 al pueblo argentino, que carrete\u00f3 y sali\u00f3 r\u00e1pidamente. Pero lo que intentan hacer ahora es una estafa muy superior a la de Macri, primero comenz\u00f3 con la estafa a los votantes, la promesa era que el pueblo no iba a pagar el ajuste, luego, con el cuento del d\u00e9ficit, nos est\u00e1n saqueando y al mismo tiempo sus amigos millonarios se est\u00e1n preparando para quedarse con todas nuestras riquezas. Por esto te digo, si quer\u00e9s decir que hasta el 10 de diciembre la pasamos mal, lo vamos a acordar, pero lo que nos espera ahora es inconmensurable en cuanto a lo que vamos a padecer. Y no te olvides de la deuda, los que nos estafaron fueron, entre otros, Macri, Caputto, Sturzenegger, Patricia Bullrich, \u00bfte suenan?, \u00bfest\u00e1s de ese lado de la vida?, \u00bfdel lado de esas nefastas personas?. Nada, no te quiero imponer una idea, s\u00f3lo te pido que pienses un poco y dejes de repetir lo que te imponen desde esos nefastos lugares de poder. Mir\u00e1, te propongo, sigamos este debate dentro de dos meses, si hoy no logr\u00e1s comprender lo que se viene, porque tu pensamiento no alcanza a percibirlo, dentro de dos meses te va a hablar la panza, te va a decir que tiene hambre o quiz\u00e1s no a vos, pero si a la mayor\u00eda de los trabajadores que ten\u00e9s cerca.<\/p>\n\n\n\n<p>Pero apurate, pens\u00e1, reaccion\u00e1, porque el saqueo viene a alta velocidad, si te demor\u00e1s en reaccionar, cuanto te des cuenta va a ser tarde, porque vienen por la entrega del pa\u00eds a sucias manos de delincuentes acumuladores de riqueza, vienen a matarnos a palos con la represi\u00f3n, vienen a dejarnos sin Constituci\u00f3n, vienen a entregar la Patria.<\/p>\n\n\n\n<p>Y te pido que cierres los ojos e imagines lo siguiente: Mostraron que vienen decididos a matar a los que luchan por la justicia social, mir\u00e1 si en este tiempo, que el pueblo que tom\u00f3 conciencia est\u00e1 decidiendo salir a la calle, matan a alg\u00fan familiar tuyo, a alg\u00fan amigo o amiga, mir\u00e1 si te das cuenta despu\u00e9s y descubr\u00eds que apoyaste a ese pu\u00f1ado de poderosos que vino masacrarnos y gracias a tu apoyo se llevaron la vida de un ser querido.<\/p>\n\n\n\n<p>Pens\u00e1 r\u00e1pido, reaccion\u00e1, va a ser muy amargo sentirte c\u00f3mplice de una o varias muertes cercanas por no haber hecho el esfuerzo de pensar desde los intereses del pueblo y la clase trabajadora.<\/p>\n\n\n\n<p>Si est\u00e1s leyendo esto quiz\u00e1s seas mi amigo o amiga, yo voy a marchar porque ya hice el ejercicio de pensar con mis elementos de an\u00e1lisis, con mi conocimiento de la historia, de la pol\u00edtica, de la econom\u00eda, si me mata el gobierno que apoy\u00e1s, no vayas a mi funeral, esper\u00e1 un tiempo.<\/p>\n<div class=\"pvc_clear\"><\/div><p id=\"pvc_stats_3181\" class=\"pvc_stats all  \" data-element-id=\"3181\" style=\"\"><i class=\"pvc-stats-icon medium\" aria-hidden=\"true\"><svg aria-hidden=\"true\" focusable=\"false\" data-prefix=\"far\" data-icon=\"chart-bar\" role=\"img\" xmlns=\"http:\/\/www.w3.org\/2000\/svg\" viewBox=\"0 0 512 512\" class=\"svg-inline--fa fa-chart-bar fa-w-16 fa-2x\"><path fill=\"currentColor\" d=\"M396.8 352h22.4c6.4 0 12.8-6.4 12.8-12.8V108.8c0-6.4-6.4-12.8-12.8-12.8h-22.4c-6.4 0-12.8 6.4-12.8 12.8v230.4c0 6.4 6.4 12.8 12.8 12.8zm-192 0h22.4c6.4 0 12.8-6.4 12.8-12.8V140.8c0-6.4-6.4-12.8-12.8-12.8h-22.4c-6.4 0-12.8 6.4-12.8 12.8v198.4c0 6.4 6.4 12.8 12.8 12.8zm96 0h22.4c6.4 0 12.8-6.4 12.8-12.8V204.8c0-6.4-6.4-12.8-12.8-12.8h-22.4c-6.4 0-12.8 6.4-12.8 12.8v134.4c0 6.4 6.4 12.8 12.8 12.8zM496 400H48V80c0-8.84-7.16-16-16-16H16C7.16 64 0 71.16 0 80v336c0 17.67 14.33 32 32 32h464c8.84 0 16-7.16 16-16v-16c0-8.84-7.16-16-16-16zm-387.2-48h22.4c6.4 0 12.8-6.4 12.8-12.8v-70.4c0-6.4-6.4-12.8-12.8-12.8h-22.4c-6.4 0-12.8 6.4-12.8 12.8v70.4c0 6.4 6.4 12.8 12.8 12.8z\" class=\"\"><\/path><\/svg><\/i> <img loading=\"lazy\" decoding=\"async\" width=\"16\" height=\"16\" alt=\"Loading\" src=\"https:\/\/victorhutt.com.ar\/wp-content\/plugins\/page-views-count\/ajax-loader-2x.gif\" border=0 \/><\/p><div class=\"pvc_clear\"><\/div>","protected":false},"excerpt":{"rendered":"<p>Para aquellos que intentan justificar las plagas de Milei, la destrucci\u00f3n de nuestras vidas y de nuestra Patria con el DNU inconstitucional que compr\u00f3 a Sturzenegger, con la venta de cada art\u00edculo a un millonario determinado, recurriendo a reproches al gobierno de Alberto Fern\u00e1ndez, les digo: Claro que nos dol\u00eda la realidad econ\u00f3mica y social hasta el 10 de diciembre, el gobierno de Alberto Fern\u00e1ndez no logr\u00f3 revertir los efectos de la deuda fraudulenta que nos introdujo Macri, dinero que no lleg\u00f3 al pueblo argentino, que carrete\u00f3 y sali\u00f3 r\u00e1pidamente. Pero lo que intentan hacer ahora es una estafa muy<\/p>\n<div class=\"pvc_clear\"><\/div>\n<p id=\"pvc_stats_3181\" class=\"pvc_stats all  \" data-element-id=\"3181\" style=\"\"><i class=\"pvc-stats-icon medium\" aria-hidden=\"true\"><svg aria-hidden=\"true\" focusable=\"false\" data-prefix=\"far\" data-icon=\"chart-bar\" role=\"img\" xmlns=\"http:\/\/www.w3.org\/2000\/svg\" viewBox=\"0 0 512 512\" class=\"svg-inline--fa fa-chart-bar fa-w-16 fa-2x\"><path fill=\"currentColor\" d=\"M396.8 352h22.4c6.4 0 12.8-6.4 12.8-12.8V108.8c0-6.4-6.4-12.8-12.8-12.8h-22.4c-6.4 0-12.8 6.4-12.8 12.8v230.4c0 6.4 6.4 12.8 12.8 12.8zm-192 0h22.4c6.4 0 12.8-6.4 12.8-12.8V140.8c0-6.4-6.4-12.8-12.8-12.8h-22.4c-6.4 0-12.8 6.4-12.8 12.8v198.4c0 6.4 6.4 12.8 12.8 12.8zm96 0h22.4c6.4 0 12.8-6.4 12.8-12.8V204.8c0-6.4-6.4-12.8-12.8-12.8h-22.4c-6.4 0-12.8 6.4-12.8 12.8v134.4c0 6.4 6.4 12.8 12.8 12.8zM496 400H48V80c0-8.84-7.16-16-16-16H16C7.16 64 0 71.16 0 80v336c0 17.67 14.33 32 32 32h464c8.84 0 16-7.16 16-16v-16c0-8.84-7.16-16-16-16zm-387.2-48h22.4c6.4 0 12.8-6.4 12.8-12.8v-70.4c0-6.4-6.4-12.8-12.8-12.8h-22.4c-6.4 0-12.8 6.4-12.8 12.8v70.4c0 6.4 6.4 12.8 12.8 12.8z\" class=\"\"><\/path><\/svg><\/i> <img loading=\"lazy\" decoding=\"async\" width=\"16\" height=\"16\" alt=\"Loading\" src=\"https:\/\/victorhutt.com.ar\/wp-content\/plugins\/page-views-count\/ajax-loader-2x.gif\" border=0 \/><\/p>\n<div class=\"pvc_clear\"><\/div>\n","protected":false},"author":1,"featured_media":0,"comment_status":"open","ping_status":"closed","sticky":false,"template":"","format":"standard","meta":{"om_disable_all_campaigns":false,"_monsterinsights_skip_tracking":false,"_monsterinsights_sitenote_active":false,"_monsterinsights_sitenote_note":"","_monsterinsights_sitenote_category":0,"footnotes":"","_links_to":"","_links_to_target":""},"categories":[33],"tags":[],"class_list":["post-3181","post","type-post","status-publish","format-standard","hentry","category-mistextos"],"a3_pvc":{"activated":true,"total_views":29,"today_views":0},"jetpack_featured_media_url":"","_links":{"self":[{"href":"https:\/\/victorhutt.com.ar\/index.php\/wp-json\/wp\/v2\/posts\/3181","targetHints":{"allow":["GET"]}}],"collection":[{"href":"https:\/\/victorhutt.com.ar\/index.php\/wp-json\/wp\/v2\/posts"}],"about":[{"href":"https:\/\/victorhutt.com.ar\/index.php\/wp-json\/wp\/v2\/types\/post"}],"author":[{"embeddable":true,"href":"https:\/\/victorhutt.com.ar\/index.php\/wp-json\/wp\/v2\/users\/1"}],"replies":[{"embeddable":true,"href":"https:\/\/victorhutt.com.ar\/index.php\/wp-json\/wp\/v2\/comments?post=3181"}],"version-history":[{"count":1,"href":"https:\/\/victorhutt.com.ar\/index.php\/wp-json\/wp\/v2\/posts\/3181\/revisions"}],"predecessor-version":[{"id":3182,"href":"https:\/\/victorhutt.com.ar\/index.php\/wp-json\/wp\/v2\/posts\/3181\/revisions\/3182"}],"wp:attachment":[{"href":"https:\/\/victorhutt.com.ar\/index.php\/wp-json\/wp\/v2\/media?parent=3181"}],"wp:term":[{"taxonomy":"category","embeddable":true,"href":"https:\/\/victorhutt.com.ar\/index.php\/wp-json\/wp\/v2\/categories?post=3181"},{"taxonomy":"post_tag","embeddable":true,"href":"https:\/\/victorhutt.com.ar\/index.php\/wp-json\/wp\/v2\/tags?post=3181"}],"curies":[{"name":"wp","href":"https:\/\/api.w.org\/{rel}","templated":true}]}}