{"id":3127,"date":"2023-11-03T14:10:05","date_gmt":"2023-11-03T17:10:05","guid":{"rendered":"https:\/\/victorhutt.com.ar\/?p=3127"},"modified":"2023-11-03T14:10:05","modified_gmt":"2023-11-03T17:10:05","slug":"aclaraciones-respecto-al-pago-de-haberes-de-jubilados-docentes-de-entre-rios-de-octubre-2023","status":"publish","type":"post","link":"https:\/\/victorhutt.com.ar\/index.php\/2023\/11\/03\/aclaraciones-respecto-al-pago-de-haberes-de-jubilados-docentes-de-entre-rios-de-octubre-2023\/","title":{"rendered":"Aclaraciones respecto al pago de haberes de Jubilados docentes de Entre R\u00edos de Octubre 2023"},"content":{"rendered":"\n<p>Con haberes de septiembre se cobr\u00f3 el retroactivo del aumento complementario de agosto y adem\u00e1s el aumento de septiembre, el retroactivo se cobr\u00f3 en el c\u00f3digo 1250, \u00e9se c\u00f3digo ya no est\u00e1 en octubre, pero adem\u00e1s \u00e9se retroactivo aumentaba los c\u00f3digos bonificables, antig\u00fcedad, zona y tambi\u00e9n productividad, todo \u00e9so, lo que estaba asociado al retroactivo, se cobr\u00f3 por \u00fanica vez en septiembre, \u00e9so genera una gran disminuci\u00f3n en octubre. Por otro lado, en septiembre adem\u00e1s del retroactivo cobramos un aumento, \u00e9se aumento qued\u00f3 en el sueldo, si quieren verificar eso hay que compararlo con recibos de agosto. En Octubre tuvimos un nuevo aumento, del 4,14% respecto de haberes de junio, es un aumento muy peque\u00f1o y no compensa lo perdido con la baja del retroactivo. Dado que ese aumento de octubre del 4,14% fue considerado insuficiente, se trat\u00f3 en asambleas en cada escuela, en toda la provincia y con esos mandatos el congreso exigi\u00f3 que adem\u00e1s se sume un porcentaje de adelanto de inflaci\u00f3n estimada de octubre y de no cumplirse se resolver\u00e1n medidas de acci\u00f3n directa, paros, estamos convocados a audiencia el viernes 3 de noviembre, all\u00ed veremos si el reclamo es contemplado. Es decir, todos los reclamos que estoy leyendo aqu\u00ed son correctos, el sindicato ya evalu\u00f3 todo eso y por tal motivo se resolvi\u00f3 exigir nuevo aumento o medidas de acci\u00f3n si no se atiende el reclamo, es importante que nos vayamos informando, porque leo que se le reclama al gremio que se pronuncie y ya se pronunci\u00f3n la semana pasada.<\/p>\n\n\n\n<p>Por otro lado, hay un error de liquidaciones, en el c\u00f3digo 437, hoy mismo se hizo el reclamo ante la Caja de Jubilaciones, que reconoci\u00f3 el error y devolver\u00e1 el faltante de ese c\u00f3digo en los pr\u00f3ximos haberes, algo que no nos gusta porque tenemos que esperar un mes para recuperarlo, pero seguiremos reclamando.<\/p>\n\n\n\n<p>Tenemos varios medios de informaci\u00f3n, informamos todo, pero si no se leen las informaciones a tiempo es muy dif\u00edcil que tener el conocimiento y luego nos duele escuchar cr\u00edticas que se fundamentan en la desinformaci\u00f3n, no son formas de fortalecer al sindicato, el conocimiento nos fortalece, tratemos de informarnos.<\/p>\n<div class=\"pvc_clear\"><\/div><p id=\"pvc_stats_3127\" class=\"pvc_stats all  \" data-element-id=\"3127\" style=\"\"><i class=\"pvc-stats-icon medium\" aria-hidden=\"true\"><svg aria-hidden=\"true\" focusable=\"false\" data-prefix=\"far\" data-icon=\"chart-bar\" role=\"img\" xmlns=\"http:\/\/www.w3.org\/2000\/svg\" viewBox=\"0 0 512 512\" class=\"svg-inline--fa fa-chart-bar fa-w-16 fa-2x\"><path fill=\"currentColor\" d=\"M396.8 352h22.4c6.4 0 12.8-6.4 12.8-12.8V108.8c0-6.4-6.4-12.8-12.8-12.8h-22.4c-6.4 0-12.8 6.4-12.8 12.8v230.4c0 6.4 6.4 12.8 12.8 12.8zm-192 0h22.4c6.4 0 12.8-6.4 12.8-12.8V140.8c0-6.4-6.4-12.8-12.8-12.8h-22.4c-6.4 0-12.8 6.4-12.8 12.8v198.4c0 6.4 6.4 12.8 12.8 12.8zm96 0h22.4c6.4 0 12.8-6.4 12.8-12.8V204.8c0-6.4-6.4-12.8-12.8-12.8h-22.4c-6.4 0-12.8 6.4-12.8 12.8v134.4c0 6.4 6.4 12.8 12.8 12.8zM496 400H48V80c0-8.84-7.16-16-16-16H16C7.16 64 0 71.16 0 80v336c0 17.67 14.33 32 32 32h464c8.84 0 16-7.16 16-16v-16c0-8.84-7.16-16-16-16zm-387.2-48h22.4c6.4 0 12.8-6.4 12.8-12.8v-70.4c0-6.4-6.4-12.8-12.8-12.8h-22.4c-6.4 0-12.8 6.4-12.8 12.8v70.4c0 6.4 6.4 12.8 12.8 12.8z\" class=\"\"><\/path><\/svg><\/i> <img loading=\"lazy\" decoding=\"async\" width=\"16\" height=\"16\" alt=\"Loading\" src=\"https:\/\/victorhutt.com.ar\/wp-content\/plugins\/page-views-count\/ajax-loader-2x.gif\" border=0 \/><\/p><div class=\"pvc_clear\"><\/div>","protected":false},"excerpt":{"rendered":"<p>Con haberes de septiembre se cobr\u00f3 el retroactivo del aumento complementario de agosto y adem\u00e1s el aumento de septiembre, el retroactivo se cobr\u00f3 en el c\u00f3digo 1250, \u00e9se c\u00f3digo ya no est\u00e1 en octubre, pero adem\u00e1s \u00e9se retroactivo aumentaba los c\u00f3digos bonificables, antig\u00fcedad, zona y tambi\u00e9n productividad, todo \u00e9so, lo que estaba asociado al retroactivo, se cobr\u00f3 por \u00fanica vez en septiembre, \u00e9so genera una gran disminuci\u00f3n en octubre. Por otro lado, en septiembre adem\u00e1s del retroactivo cobramos un aumento, \u00e9se aumento qued\u00f3 en el sueldo, si quieren verificar eso hay que compararlo con recibos de agosto. En Octubre tuvimos<\/p>\n<div class=\"pvc_clear\"><\/div>\n<p id=\"pvc_stats_3127\" class=\"pvc_stats all  \" data-element-id=\"3127\" style=\"\"><i class=\"pvc-stats-icon medium\" aria-hidden=\"true\"><svg aria-hidden=\"true\" focusable=\"false\" data-prefix=\"far\" data-icon=\"chart-bar\" role=\"img\" xmlns=\"http:\/\/www.w3.org\/2000\/svg\" viewBox=\"0 0 512 512\" class=\"svg-inline--fa fa-chart-bar fa-w-16 fa-2x\"><path fill=\"currentColor\" d=\"M396.8 352h22.4c6.4 0 12.8-6.4 12.8-12.8V108.8c0-6.4-6.4-12.8-12.8-12.8h-22.4c-6.4 0-12.8 6.4-12.8 12.8v230.4c0 6.4 6.4 12.8 12.8 12.8zm-192 0h22.4c6.4 0 12.8-6.4 12.8-12.8V140.8c0-6.4-6.4-12.8-12.8-12.8h-22.4c-6.4 0-12.8 6.4-12.8 12.8v198.4c0 6.4 6.4 12.8 12.8 12.8zm96 0h22.4c6.4 0 12.8-6.4 12.8-12.8V204.8c0-6.4-6.4-12.8-12.8-12.8h-22.4c-6.4 0-12.8 6.4-12.8 12.8v134.4c0 6.4 6.4 12.8 12.8 12.8zM496 400H48V80c0-8.84-7.16-16-16-16H16C7.16 64 0 71.16 0 80v336c0 17.67 14.33 32 32 32h464c8.84 0 16-7.16 16-16v-16c0-8.84-7.16-16-16-16zm-387.2-48h22.4c6.4 0 12.8-6.4 12.8-12.8v-70.4c0-6.4-6.4-12.8-12.8-12.8h-22.4c-6.4 0-12.8 6.4-12.8 12.8v70.4c0 6.4 6.4 12.8 12.8 12.8z\" class=\"\"><\/path><\/svg><\/i> <img loading=\"lazy\" decoding=\"async\" width=\"16\" height=\"16\" alt=\"Loading\" src=\"https:\/\/victorhutt.com.ar\/wp-content\/plugins\/page-views-count\/ajax-loader-2x.gif\" border=0 \/><\/p>\n<div class=\"pvc_clear\"><\/div>\n","protected":false},"author":1,"featured_media":0,"comment_status":"open","ping_status":"closed","sticky":false,"template":"","format":"standard","meta":{"om_disable_all_campaigns":false,"_monsterinsights_skip_tracking":false,"_monsterinsights_sitenote_active":false,"_monsterinsights_sitenote_note":"","_monsterinsights_sitenote_category":0,"footnotes":"","_links_to":"","_links_to_target":""},"categories":[33],"tags":[],"class_list":["post-3127","post","type-post","status-publish","format-standard","hentry","category-mistextos"],"a3_pvc":{"activated":true,"total_views":21,"today_views":0},"jetpack_featured_media_url":"","_links":{"self":[{"href":"https:\/\/victorhutt.com.ar\/index.php\/wp-json\/wp\/v2\/posts\/3127","targetHints":{"allow":["GET"]}}],"collection":[{"href":"https:\/\/victorhutt.com.ar\/index.php\/wp-json\/wp\/v2\/posts"}],"about":[{"href":"https:\/\/victorhutt.com.ar\/index.php\/wp-json\/wp\/v2\/types\/post"}],"author":[{"embeddable":true,"href":"https:\/\/victorhutt.com.ar\/index.php\/wp-json\/wp\/v2\/users\/1"}],"replies":[{"embeddable":true,"href":"https:\/\/victorhutt.com.ar\/index.php\/wp-json\/wp\/v2\/comments?post=3127"}],"version-history":[{"count":1,"href":"https:\/\/victorhutt.com.ar\/index.php\/wp-json\/wp\/v2\/posts\/3127\/revisions"}],"predecessor-version":[{"id":3128,"href":"https:\/\/victorhutt.com.ar\/index.php\/wp-json\/wp\/v2\/posts\/3127\/revisions\/3128"}],"wp:attachment":[{"href":"https:\/\/victorhutt.com.ar\/index.php\/wp-json\/wp\/v2\/media?parent=3127"}],"wp:term":[{"taxonomy":"category","embeddable":true,"href":"https:\/\/victorhutt.com.ar\/index.php\/wp-json\/wp\/v2\/categories?post=3127"},{"taxonomy":"post_tag","embeddable":true,"href":"https:\/\/victorhutt.com.ar\/index.php\/wp-json\/wp\/v2\/tags?post=3127"}],"curies":[{"name":"wp","href":"https:\/\/api.w.org\/{rel}","templated":true}]}}