{"id":1906,"date":"2020-08-10T23:36:55","date_gmt":"2020-08-11T02:36:55","guid":{"rendered":"http:\/\/victorhutt.com.ar\/?p=1906"},"modified":"2020-08-10T23:36:57","modified_gmt":"2020-08-11T02:36:57","slug":"biologia-para-2do-b-7ma-actividad","status":"publish","type":"post","link":"https:\/\/victorhutt.com.ar\/index.php\/2020\/08\/10\/biologia-para-2do-b-7ma-actividad\/","title":{"rendered":"bIOLOG\u00cdA PARA 2DO b &#8211; 7MA ACTIVIDAD"},"content":{"rendered":"\n<p><strong><em>Asignatura:\u00a0 Biolog\u00eda\u00a0\u00a0\u00a0\u00a0\u00a0\u00a0 Curso:\u00a0 2do\u00a0\u00a0 Divisi\u00f3n:\u00a0 B<\/em><\/strong><\/p>\n\n\n\n<p><strong><em>Tema<\/em><\/strong><em>: Revisi\u00f3n Promoci\u00f3n. Enfermedades infectocontagiosa<\/em><\/p>\n\n\n\n<p><em>Profesora:\nFern\u00e1ndez Magal\u00ed&nbsp;&nbsp;&nbsp;&nbsp;&nbsp;&nbsp;&nbsp;&nbsp;&nbsp;&nbsp;&nbsp;&nbsp;&nbsp;&nbsp;&nbsp;&nbsp;&nbsp;&nbsp;&nbsp;&nbsp;&nbsp;&nbsp; Correo: <\/em><a href=\"mailto:fernandezlujan429@gmail.com\"><em>fernandezlujan429<\/em><\/a><a href=\"mailto:fernandezlujan429@gmail.com\"><em>@gmail.com<\/em><\/a><\/p>\n\n\n\n<p><strong><em>&nbsp;Fecha de entrega:<\/em><\/strong><em> 14\/08\/2020<\/em><\/p>\n\n\n\n<p><em>Espero\nque hayan pasado lindo y descansado en el receso de invierno. Feliz inicio de\nclases!!!<\/em><\/p>\n\n\n\n<p><em>Actividad\nN\u00b01<\/em><\/p>\n\n\n\n<p><em>En esta actividad vamos realizar\nuna revisi\u00f3n de los dos \u00faltimos trabajos: Promoci\u00f3n y\nEnfermedades infectocontagiosa<\/em><\/p>\n\n\n\n<p><strong><em>A- <\/em><\/strong><em>Realiza una lectura prudente del texto \u201cLos Factores Ambientales\nF\u00edsicos\u201d<\/em><\/p>\n\n\n\n<p><strong><em>B-&nbsp; <\/em><\/strong><em>Analizar y Responder<\/em><\/p>\n\n\n\n<p><em>1- \u00bfQu\u00e9\nrelaci\u00f3n tiene el material le\u00eddo con los trabajos anteriores de\nprevenci\u00f3n,&nbsp; promoci\u00f3n y Enfermedades\nInfectocontagiosa? (trabajo N\u00b06 y N\u00b04)<br>\n2- \u00bfCu\u00e1l ser\u00eda tu reflexi\u00f3n sobre el texto? <\/em><\/p>\n\n\n\n<p><strong>LOS FACTORES AMBIENTALES F\u00cdSICOS<\/strong><\/p>\n\n\n\n<p>Los factores\nambientales naturales m\u00e1s significativos, que tienen una relaci\u00f3n directa con\nla emergencia o reemergencia de enfermedades infecciosas. Es muy com\u00fan que las\npersonas asocien los espacios \u201cverdes\u201d de monta\u00f1a o mar con lugares curativos y\na las grandes ciudades como malsanas. En realidad poco tienen de ciertas tales\nconjeturas. Pero desde la antig\u00fcedad, existe la idea del \u201cespacio que enferma\u201d\ny del \u201cespacio que sana\u201d y, \u201cla b\u00fasqueda de cambios de aire, estad\u00edas en zonas\nserranas y ba\u00f1os termales se practic\u00f3 a lo largo de la historia con m\u00e1s o menos\nconvencimiento y a veces con fe ciega\u201d (Olivera, 1993:30). Hasta fines del\nsiglo XIX se cre\u00eda que muchos males se engendraron en el aire o en los \u201cmalos\naires\u201d. Precisamente el t\u00e9rmino malaria deriva del italiano mal-aria o mal\naire, pues se pensaba que el aire que circundaba los pantanos italianos era el\ncausante de las repentinas fiebres que aquejan a los que viv\u00edan en sus\nalrededores. La aparici\u00f3n de epidemias tambi\u00e9n est\u00e1 asociada a los riesgos naturales;\nUn ejemplo es lo que sucedi\u00f3 en el oeste de Estados Unidos a mediados de los\n\u00b490. En California, los suelos del desierto contienen esporas de un hongo\n(Coccidioides) que provoca una enfermedad respiratoria conocida como fiebre del\nvalle. Luego de un terremoto ocurrido en 1994, el deslizamiento de tierra que\nprovoc\u00f3 el sismo levant\u00f3 grandes vol\u00famenes de polvo con las esporas del hongo;\nlas mismas llegaron a las zonas urbanas transportadas por el viento y\nprodujeron un brote de dicha patolog\u00eda (Keller y Blodgett, 2007) Un \u00faltimo\nejemplo, nueve meses despu\u00e9s del \u00faltimo terremoto que afect\u00f3 a Hait\u00ed (enero de\n2010), se produjo una epidemia de c\u00f3lera que a\u00fan persiste. Quiz\u00e1s los factores\nambientales m\u00e1s ligados a la prevalencia de algunas enfermedades infecciosas\nsean la temperatura y las precipitaciones. Las temperaturas bajas favorecen a\nla propagaci\u00f3n de g\u00e9rmenes que se transmiten por aire a trav\u00e9s de las gotitas\nde Fl\u00fcgge. Adem\u00e1s, durante los per\u00edodos fr\u00edos, las personas suelen permanecer\nm\u00e1s tiempo en lugares cerrados y con poca ventilaci\u00f3n. Mientras que las\ntemperaturas altas favorecen a la propagaci\u00f3n de insectos vectores de\npeligrosas infecciones y a la trasmisi\u00f3n de enfermedades a trav\u00e9s del agua. En\ncuanto a las lluvias, su exceso (dependiendo del tipo de suelo y la pendiente\ndel lugar), producen encharcamientos que favorecer\u00e1 la reproducci\u00f3n de insectos\nhemat\u00f3fagos. Cuando las lluvias son abundantes y abruptas, y causan\ninundaciones, las enfermedades transmisibles por agua como hepatitis, leptospirosis\ny c\u00f3lera, pueden hacerse presentes. Entonces, si el clima tiene una influencia\ndirecta con las patolog\u00edas emergentes y reemergentes, lo tendr\u00e1 a\u00fan m\u00e1s cuando\nse presenten anomal\u00edas clim\u00e1ticas sustanciales. Uno de los eventos clim\u00e1ticos\nm\u00e1s importantes, por los \u201cdesajustes\u201d que genera en la troposfera y, por ende,\nen el clima terrestre, y consecuentemente, por su alcance mundial, es el\nproducido por el denominado fen\u00f3meno \u201cEl Ni\u00f1o\u201d y su contrapartida \u201cLa Ni\u00f1a\u201d. <\/p>\n\n\n\n<p>El fen\u00f3meno de\n\u201cEl Ni\u00f1o\u201d y \u201cLa Ni\u00f1a\u201d y su relaci\u00f3n con las enfermedades emergentes y\nreemergentes <br>\nSint\u00e9ticamente podemos decir que, el fen\u00f3meno de \u201cEl Ni\u00f1o\u201d, es una\nmanifestaci\u00f3n clim\u00e1tica que genera el estancamiento de aguas c\u00e1lidas sobre la\ncosta occidental de Am\u00e9rica del Sur. Cuando la permanencia de estas aguas,\nan\u00f3malamente c\u00e1lidas, se extiende en el tiempo, la atm\u00f3sfera que se encuentra\nen contacto, por encima de ellas, sufre grandes variaciones barom\u00e9tricas y\nt\u00e9rmicas. Esto provoca grandes desequilibrios globales en la din\u00e1mica\natmosf\u00e9rica. Por el contrario, \u201cLa Ni\u00f1a\u201d, se produce cuando las aguas fr\u00edas\nprovenientes del sur del Pac\u00edfico se estacionan en la costa oeste suramericana\ny permanecen all\u00ed por varios meses. El Ni\u00f1o se relaciona m\u00e1s con lluvias\nabundantes y La Ni\u00f1a con la ausencia de precipitaciones, aunque esto no es\ntaxativo. El Ni\u00f1o y La Ni\u00f1a est\u00e1n asociados a las grandes sequ\u00edas o exceso de\nlluvias en otras regiones (habitualmente \u00e1ridas), donde se produce la formaci\u00f3n\nde pantanos, y el consiguiente aumento en el n\u00famero de casos de paludismo o de\nencefalitis. Tambi\u00e9n el aumento de precipitaciones favorece el desarrollo de la\nvegetaci\u00f3n y puede dar lugar a la aparici\u00f3n de brotes de enfermedades\nemergentes (Lima et al, 1999). En 1982\/83 se produjo un evento de \u201cEl Ni\u00f1o\u201d de\ngrandes magnitudes (se lo conoce como \u201cMegani\u00f1o\u201d). Durante ese per\u00edodo, por\nejemplo en Per\u00fa, que suele ser una de los pa\u00edses m\u00e1s afectados por las\nconsecuencias del fen\u00f3meno marino\/ clim\u00e1tico, los casos de enfermedades\ndiarreicas agudas aumentaron un 307% y el paludismo en un 250%. Fue despu\u00e9s de\nun evento de \u201cLa Ni\u00f1a\u201d que se produjo la primera epidemia de c\u00f3lera del siglo\nXX que afect\u00f3 a casi toda Am\u00e9rica Latina y que comenz\u00f3 en Per\u00fa en 1991. Por\nsupuesto que no podemos atribuirle solamente al fen\u00f3meno clim\u00e1tico de \u201cEl Ni\u00f1o\u201d\no de \u201cLa Ni\u00f1a\u201d el comienzo de la epidemia de 1991. Otros factores, como la\narraigada costumbre en ese pueblo de comer ceviche, pescado crudo, y adem\u00e1s el\nno poder contar con una red de agua potable para todos los habitantes del pa\u00eds,\ncontribuyeron a que esta enfermedad milenaria, en muy poco tiempo, se\nextendiera por casi todo nuestro continente. Estos son algunos ejemplos de c\u00f3mo\nuna variable clim\u00e1tica natural puede ser la disparadora de un problema\nsanitario. <br>\nEl cambio clim\u00e1tico como factor condicionante de las enfermedades emergentes\ny reemergentes<br>\nEl clima es el promedio del conjunto de variables atmosf\u00e9ricas, especialmente\ntroposf\u00e9ricas, que se producen regularmente a lo largo de muchos a\u00f1os. El clima\nglobal de la Tierra est\u00e1 determinado por un conjunto de variables, que se\nconjugan para crear las condiciones atmosf\u00e9ricas presentes en la actualidad. El\nclima terrestre y su temperatura han variado considerablemente desde que se\norigin\u00f3 nuestro planeta, hace m\u00e1s de 4.500 millones de a\u00f1os. Tomando como\npar\u00e1metro los 15\u00ba C\u00ba globales que se registran actualmente, la Tierra oscila\npendularmente por per\u00edodos fr\u00edos y per\u00edodos c\u00e1lidos. En algunos momentos el\nplaneta se cubri\u00f3 casi totalmente de hielo y otras veces se asemeja a un\n&#8220;sauna\u201d. Pero, todos estos cambios son graduales, muchas especies se\npudieran adaptar, aunque muchas otras se hayan extinguido. Desde 1850, el ser\nhumano ha estado incrementando en la atm\u00f3sfera la cantidad de CO2 y de metano.\nPero entonces, si el clima cambia, como lo ha hecho durante millones de a\u00f1os,\n\u00bfcu\u00e1l es el problema? En realidad, el inconveniente no radica tanto en la\ncantidad de grados que pueda aumentar la temperatura (que de hecho ya es un\nproblema en s\u00ed mismo), sino m\u00e1s bien en la celeridad con que se realiza esta\ntransformaci\u00f3n. Desde 1850 hasta nuestros d\u00edas la temperatura global aument\u00f3\n0.6\u00baC como consecuencia de la acci\u00f3n antr\u00f3pica (Barros, 2006). Estos procesos\nde transformaci\u00f3n meteorol\u00f3gica, que trae aparejado el cambio clim\u00e1tico global,\nacarrean consigo un aumento en la incidencia de casos de enfermedades\nemergentes y reemergentes, extendi\u00e9ndose los vectores en latitud y en altitud,\ny por consiguiente las endemias y las epidemias. Los insectos como por ejemplo,\nel mosquito Aedes aegypti que es capaz de transmitir 5 especies de protozoos,\n20 especies de filaria y 103 tipos de Arbovirus o el Culex pipiens, potencial\ntransmisor de algunas encefalitis. En Buenos Aires, ambos mosquitos se\nencuentran presentes desde principios de octubre hasta mediados de mayo, siendo\nsu circulaci\u00f3n casi nula en el resto del a\u00f1o. Estudios realizados en los\n\u00faltimos 40 a\u00f1os, evidencian una tendencia a la extensi\u00f3n del per\u00edodo de\nprevalencia de estos insectos, debido al aumento de las temperaturas\nregistradas en la ciudad durante este mismo per\u00edodo.(Schweigmann, 2009). El\nacortamiento de los per\u00edodos invernales podr\u00e1 extender en el tiempo alguna\neventual epidemia o en el espacio alguna endemia; recordemos que la epidemia de\nfiebre amarilla que se produjo en Buenos Aires en 1871, fue derrotada por el\ncrudo invierno que se registr\u00f3 ese a\u00f1o. Por \u00faltimo debemos destacar que en los\n\u00faltimos a\u00f1os se han registrado par\u00e1metros t\u00e9rmicos anormalmente altos en los\nmares tropicales, siendo \u00e9sta la causa directa de la formaci\u00f3n de huracanes y\nciclones. El paso de estas megatormentas tropicales genera inundaciones y\nencharcamientos que, a su vez, producir\u00e1n la aparici\u00f3n de epidemias\nposfenomenales.<\/p>\n\n\n\n<p>Bibliograf\u00eda<\/p>\n\n\n\n<p>Instituto de\nformaci\u00f3n docente (2012). \u201c12 Epidemias y Salud P\u00fablica\u201d. Ministerio de la\nEducaci\u00f3n Presidencia de la Naci\u00f3n<\/p>\n<div class=\"pvc_clear\"><\/div><p id=\"pvc_stats_1906\" class=\"pvc_stats all  \" data-element-id=\"1906\" style=\"\"><i class=\"pvc-stats-icon medium\" aria-hidden=\"true\"><svg aria-hidden=\"true\" focusable=\"false\" data-prefix=\"far\" data-icon=\"chart-bar\" role=\"img\" xmlns=\"http:\/\/www.w3.org\/2000\/svg\" viewBox=\"0 0 512 512\" class=\"svg-inline--fa fa-chart-bar fa-w-16 fa-2x\"><path fill=\"currentColor\" d=\"M396.8 352h22.4c6.4 0 12.8-6.4 12.8-12.8V108.8c0-6.4-6.4-12.8-12.8-12.8h-22.4c-6.4 0-12.8 6.4-12.8 12.8v230.4c0 6.4 6.4 12.8 12.8 12.8zm-192 0h22.4c6.4 0 12.8-6.4 12.8-12.8V140.8c0-6.4-6.4-12.8-12.8-12.8h-22.4c-6.4 0-12.8 6.4-12.8 12.8v198.4c0 6.4 6.4 12.8 12.8 12.8zm96 0h22.4c6.4 0 12.8-6.4 12.8-12.8V204.8c0-6.4-6.4-12.8-12.8-12.8h-22.4c-6.4 0-12.8 6.4-12.8 12.8v134.4c0 6.4 6.4 12.8 12.8 12.8zM496 400H48V80c0-8.84-7.16-16-16-16H16C7.16 64 0 71.16 0 80v336c0 17.67 14.33 32 32 32h464c8.84 0 16-7.16 16-16v-16c0-8.84-7.16-16-16-16zm-387.2-48h22.4c6.4 0 12.8-6.4 12.8-12.8v-70.4c0-6.4-6.4-12.8-12.8-12.8h-22.4c-6.4 0-12.8 6.4-12.8 12.8v70.4c0 6.4 6.4 12.8 12.8 12.8z\" class=\"\"><\/path><\/svg><\/i> <img loading=\"lazy\" decoding=\"async\" width=\"16\" height=\"16\" alt=\"Loading\" src=\"https:\/\/victorhutt.com.ar\/wp-content\/plugins\/page-views-count\/ajax-loader-2x.gif\" border=0 \/><\/p><div class=\"pvc_clear\"><\/div>","protected":false},"excerpt":{"rendered":"<p>Asignatura:\u00a0 Biolog\u00eda\u00a0\u00a0\u00a0\u00a0\u00a0\u00a0 Curso:\u00a0 2do\u00a0\u00a0 Divisi\u00f3n:\u00a0 B Tema: Revisi\u00f3n Promoci\u00f3n. Enfermedades infectocontagiosa Profesora: Fern\u00e1ndez Magal\u00ed&nbsp;&nbsp;&nbsp;&nbsp;&nbsp;&nbsp;&nbsp;&nbsp;&nbsp;&nbsp;&nbsp;&nbsp;&nbsp;&nbsp;&nbsp;&nbsp;&nbsp;&nbsp;&nbsp;&nbsp;&nbsp;&nbsp; Correo: fernandezlujan429@gmail.com &nbsp;Fecha de entrega: 14\/08\/2020 Espero que hayan pasado lindo y descansado en el receso de invierno. Feliz inicio de clases!!! Actividad N\u00b01 En esta actividad vamos realizar una revisi\u00f3n de los dos \u00faltimos trabajos: Promoci\u00f3n y Enfermedades infectocontagiosa A- Realiza una lectura prudente del texto \u201cLos Factores Ambientales F\u00edsicos\u201d B-&nbsp; Analizar y Responder 1- \u00bfQu\u00e9 relaci\u00f3n tiene el material le\u00eddo con los trabajos anteriores de prevenci\u00f3n,&nbsp; promoci\u00f3n y Enfermedades Infectocontagiosa? (trabajo N\u00b06 y N\u00b04) 2- \u00bfCu\u00e1l ser\u00eda tu reflexi\u00f3n sobre el texto? LOS FACTORES<\/p>\n<div class=\"pvc_clear\"><\/div>\n<p id=\"pvc_stats_1906\" class=\"pvc_stats all  \" data-element-id=\"1906\" style=\"\"><i class=\"pvc-stats-icon medium\" aria-hidden=\"true\"><svg aria-hidden=\"true\" focusable=\"false\" data-prefix=\"far\" data-icon=\"chart-bar\" role=\"img\" xmlns=\"http:\/\/www.w3.org\/2000\/svg\" viewBox=\"0 0 512 512\" class=\"svg-inline--fa fa-chart-bar fa-w-16 fa-2x\"><path fill=\"currentColor\" d=\"M396.8 352h22.4c6.4 0 12.8-6.4 12.8-12.8V108.8c0-6.4-6.4-12.8-12.8-12.8h-22.4c-6.4 0-12.8 6.4-12.8 12.8v230.4c0 6.4 6.4 12.8 12.8 12.8zm-192 0h22.4c6.4 0 12.8-6.4 12.8-12.8V140.8c0-6.4-6.4-12.8-12.8-12.8h-22.4c-6.4 0-12.8 6.4-12.8 12.8v198.4c0 6.4 6.4 12.8 12.8 12.8zm96 0h22.4c6.4 0 12.8-6.4 12.8-12.8V204.8c0-6.4-6.4-12.8-12.8-12.8h-22.4c-6.4 0-12.8 6.4-12.8 12.8v134.4c0 6.4 6.4 12.8 12.8 12.8zM496 400H48V80c0-8.84-7.16-16-16-16H16C7.16 64 0 71.16 0 80v336c0 17.67 14.33 32 32 32h464c8.84 0 16-7.16 16-16v-16c0-8.84-7.16-16-16-16zm-387.2-48h22.4c6.4 0 12.8-6.4 12.8-12.8v-70.4c0-6.4-6.4-12.8-12.8-12.8h-22.4c-6.4 0-12.8 6.4-12.8 12.8v70.4c0 6.4 6.4 12.8 12.8 12.8z\" class=\"\"><\/path><\/svg><\/i> <img loading=\"lazy\" decoding=\"async\" width=\"16\" height=\"16\" alt=\"Loading\" src=\"https:\/\/victorhutt.com.ar\/wp-content\/plugins\/page-views-count\/ajax-loader-2x.gif\" border=0 \/><\/p>\n<div class=\"pvc_clear\"><\/div>\n","protected":false},"author":1,"featured_media":0,"comment_status":"open","ping_status":"closed","sticky":false,"template":"","format":"standard","meta":{"om_disable_all_campaigns":false,"_monsterinsights_skip_tracking":false,"_monsterinsights_sitenote_active":false,"_monsterinsights_sitenote_note":"","_monsterinsights_sitenote_category":0,"footnotes":"","_links_to":"","_links_to_target":""},"categories":[26,2],"tags":[],"class_list":["post-1906","post","type-post","status-publish","format-standard","hentry","category-2b","category-esa12"],"a3_pvc":{"activated":true,"total_views":12,"today_views":0},"jetpack_featured_media_url":"","_links":{"self":[{"href":"https:\/\/victorhutt.com.ar\/index.php\/wp-json\/wp\/v2\/posts\/1906","targetHints":{"allow":["GET"]}}],"collection":[{"href":"https:\/\/victorhutt.com.ar\/index.php\/wp-json\/wp\/v2\/posts"}],"about":[{"href":"https:\/\/victorhutt.com.ar\/index.php\/wp-json\/wp\/v2\/types\/post"}],"author":[{"embeddable":true,"href":"https:\/\/victorhutt.com.ar\/index.php\/wp-json\/wp\/v2\/users\/1"}],"replies":[{"embeddable":true,"href":"https:\/\/victorhutt.com.ar\/index.php\/wp-json\/wp\/v2\/comments?post=1906"}],"version-history":[{"count":1,"href":"https:\/\/victorhutt.com.ar\/index.php\/wp-json\/wp\/v2\/posts\/1906\/revisions"}],"predecessor-version":[{"id":1907,"href":"https:\/\/victorhutt.com.ar\/index.php\/wp-json\/wp\/v2\/posts\/1906\/revisions\/1907"}],"wp:attachment":[{"href":"https:\/\/victorhutt.com.ar\/index.php\/wp-json\/wp\/v2\/media?parent=1906"}],"wp:term":[{"taxonomy":"category","embeddable":true,"href":"https:\/\/victorhutt.com.ar\/index.php\/wp-json\/wp\/v2\/categories?post=1906"},{"taxonomy":"post_tag","embeddable":true,"href":"https:\/\/victorhutt.com.ar\/index.php\/wp-json\/wp\/v2\/tags?post=1906"}],"curies":[{"name":"wp","href":"https:\/\/api.w.org\/{rel}","templated":true}]}}