{"id":1798,"date":"2020-07-04T19:53:01","date_gmt":"2020-07-04T22:53:01","guid":{"rendered":"http:\/\/victorhutt.com.ar\/?p=1798"},"modified":"2020-07-04T20:00:30","modified_gmt":"2020-07-04T23:00:30","slug":"historia-para-3ro-d-3ra-actividad","status":"publish","type":"post","link":"https:\/\/victorhutt.com.ar\/index.php\/2020\/07\/04\/historia-para-3ro-d-3ra-actividad\/","title":{"rendered":"Historia para 3ro D &#8211; 3ra actividad"},"content":{"rendered":"\n<p><strong>TRABAJO PR\u00c1CTICO N\u00b03<\/strong><\/p>\n\n\n\n<p><strong>ESCUELA: ESA N\u00b012 \u201c25\nde Junio\u201d<\/strong><\/p>\n\n\n\n<p><strong>Curso: 3ro D<\/strong><\/p>\n\n\n\n<p><strong>Alumno\/a: <\/strong><\/p>\n\n\n\n<p><strong>Profesor: Patricia\nRuiz Garc\u00eda<\/strong><\/p>\n\n\n\n<p><strong>A\u00f1o Lectivo: 2020<\/strong><\/p>\n\n\n\n<p><strong>Historia Argentina<\/strong><\/p>\n\n\n\n<p>Despu\u00e9s de haber trabajado con la primera etapa\nde la historia Argentina hasta 1820, donde lo que entonces, aun no era la\nRepublica Argentina, tal y como la conocemos hoy en dia; era un territorio que\nintentaba ser gobernado por diversas facciones pol\u00edticas, que lo llevaron a la\ncasi anarqu\u00eda, por la falta de Gobierno Central, ya que hasta llego la\ndesaparici\u00f3n de los Directorios Supremos; este territorio que eran por aquel\nentonces las Provincias Unidas del Rio de la Plata; buscaron el gobierno y el\ndesarrollo econ\u00f3mico, la vida cultural, la vida cotidiana, todo fue marcando un\nritmo de \u00e9poca, en b\u00fasqueda de la Constituci\u00f3n Nacional y en consecuencia de la\norganizaci\u00f3n del un pa\u00eds. Una vez producida la misma, aun se tardaron varios\na\u00f1os para llegar a lo que hoy en d\u00eda es nuestro pa\u00eds porque aun faltaban\nincorporar ciertos espacios que quedaban en manos de nuestros habitantes\naut\u00f3ctonos. <\/p>\n\n\n\n<p>Vamos a estudiar las diversas etapas de la\nHistoria Argentina, de forma resumida; y como actividad; luego de la lectura;\nvan a:<\/p>\n\n\n\n<p><strong>ACTIVIDAD:<\/strong><\/p>\n\n\n\n<p><strong>Confeccionar una red o l\u00ednea de tiempo que contenga las diversas etapas de\nla historia que conforman el proceso de organizaci\u00f3n nacional. (la l\u00ednea de\ntiempo debe ser confeccionada a mano, en hojas de carpeta, pegando varias\nhojas, se puede armar la l\u00ednea de tiempo)<\/strong><\/p>\n\n\n\n<p><strong>Material de Estudio:<\/strong><\/p>\n\n\n\n<p><strong>Independencia (1810-1820)<\/strong><br>\nLas invasiones inglesas demostraron que Espa\u00f1a estaba seriamente debilitada y\nque no pod\u00eda ni abastecer correctamente ni defender a sus colonias<strong><em>.&nbsp;<\/em><\/strong>&nbsp;La\nocupaci\u00f3n francesa de Espa\u00f1a por Napole\u00f3n, la captura de del Rey Carlos IV y su\nhijo Fernando VII y la ca\u00edda de la Junta Central de Sevilla decidieron a los\ncriollos a actuar. El 25 de mayo de 1810 se form\u00f3 la Primera Junta de gobierno\npresidida por Cornelio Saavedra, que puso fin al per\u00edodo virreinal. Mariano\nMoreno, secretario de la Junta, llev\u00f3 adelante una pol\u00edtica revolucionaria\ntendiente a fomentar el libre comercio y a sentar las bases para una futura\nindependencia.<\/p>\n\n\n\n<p>Entre 1810 y 1820 se vive un clima de gran inestabilidad pol\u00edtica. Se\nsuceden los gobiernos (Primera Junta (1810), Junta Grande (1811), Triunviratos\n(1811-1814) y el Directorio (1814-1820) que no pueden consolidar su poder y\ndeben hacer frente a la guerra contra Espa\u00f1a. En esta lucha se destacaron\nManuel Belgrano, Jos\u00e9 de San Mart\u00edn, llegado al pa\u00eds en 1812, y Mart\u00edn Miguel\nde G\u00fcemes. Las campa\u00f1as sanmartinianas terminaron, tras liberar a Chile, con el\ncentro del poder espa\u00f1ol de Lima. El 9 de julio de 1816 un congreso de\ndiputados de las Provincias Unidas proclam\u00f3 la independencia y en 1819 dict\u00f3\nuna constituci\u00f3n centralista que despert\u00f3 el enojo de las provincias, celosas\nde su autonom\u00eda.<\/p>\n\n\n\n<p><strong>Era de Rivadavia (1820-1829)<\/strong><br>\nA partir de 1819 en el pa\u00eds se fueron definiendo claramente dos tendencias\npol\u00edticas: los federales, partidarios de las autonom\u00edas provinciales, y los\nunitarios, partidarios del poder central de Buenos Aires. Estas disputas\npol\u00edticas desembocaron en una larga guerra civil cuyo primer episodio fue la\nbatalla de Cepeda en febrero de 1820, cuando los caudillos federales de Santa\nFe, Estanislao L\u00f3pez, y de Entre R\u00edos, Francisco Ram\u00edrez, derrocaron al\ndirectorio. A partir de entonces, cada provincia se gobern\u00f3 por su cuenta. La\nprincipal beneficiada por la situaci\u00f3n fue &nbsp;Buenos Aires, la provincia m\u00e1s\nrica, que retuvo para s\u00ed las rentas de la Aduana y los negocios del puerto.<\/p>\n\n\n\n<p><strong>\u00c9poca de Rosas (1829-1852)<\/strong><br>\nEn 1829 uno de los estancieros m\u00e1s poderosos de la provincia, Juan Manuel de\nRosas, asumi\u00f3 la gobernaci\u00f3n de Buenos Aires y ejerci\u00f3 una enorme influencia\nsobre todo el pa\u00eds. A partir de entonces y hasta su ca\u00edda en 1852, retuvo el\npoder en forma autoritaria, persiguiendo duramente a sus opositores y\ncensurando a la prensa, aunque contando con el apoyo de amplios sectores del\npueblo y de las clases altas porte\u00f1as. Durante el rosismo creci\u00f3 enormemente la\nactividad ganadera bonaerense, las exportaciones y algunas industrias del interior\nque fueron protegidas gracias a la Ley de Aduanas. Rosas se opuso a la\norganizaci\u00f3n nacional y a la sanci\u00f3n de una constituci\u00f3n, porque ello hubiera\nsignificado el reparto de las rentas aduaneras al resto del pa\u00eds y la p\u00e9rdida\nde la hegemon\u00eda porte\u00f1a.<\/p>\n\n\n\n<p><strong>Buenos Aires y la Confederaci\u00f3n (1852-1862)<\/strong><br>\nJusto Jos\u00e9 de Urquiza era gobernador de Entre R\u00edos, una provincia productora de\nganado como Buenos Aires que se ve\u00eda seriamente perjudicada por la pol\u00edtica de\nRosas, que no permit\u00eda la libre navegaci\u00f3n de los r\u00edos y frenaba el comercio y\nel desarrollo provinciales. En 1851, Urquiza se pronunci\u00f3 contra Rosas y form\u00f3,\ncon ayuda brasile\u00f1a, el Ejercito Grande con el que derrot\u00f3 definitivamente a\nRosas en Caseros el 3 de febrero de 1852. Urquiza convoc\u00f3 a un Congreso\nConstituyente en Santa Fe que en mayo de 1853 sancion\u00f3 la Constituci\u00f3n\nNacional. Pero aunque ya no estaba Rosas, los intereses de la clase alta\nporte\u00f1a segu\u00edan siendo los mismos y Bartolom\u00e9 Mitre y Adolfo Alsina dieron un\ngolpe de estado, conocido como la \u00abRevoluci\u00f3n del 11 de Septiembre de 1852\u00bb. A\npartir de entonces, el pa\u00eds qued\u00f3 por casi diez a\u00f1os dividido en dos: el Estado\nde Buenos Aires y la Confederaci\u00f3n (el resto de las provincias con capital en\nParan\u00e1). La separaci\u00f3n dur\u00f3 casi diez a\u00f1os, hasta que en septiembre de 1861, el\nl\u00edder porte\u00f1o Bartolom\u00e9 Mitre derrot\u00f3 a Urquiza en Pav\u00f3n y unific\u00f3 al pa\u00eds bajo\nla tutela porte\u00f1a.<\/p>\n\n\n\n<p><strong>Organizaci\u00f3n nacional (1862-1880)<\/strong><br>\nLuego de la batalla de Pav\u00f3n se sucedieron los gobiernos de Bartolom\u00e9 Mitre\n(1862-68), Domingo F. Sarmiento (1868-1874) y Nicol\u00e1s Avellaneda (1874-1880),\nquienes concretaron la derrota de las oposiciones del interior, la ocupaci\u00f3n\ndel todo el territorio nacional y la organizaci\u00f3n institucional del pa\u00eds\nfomentando la educaci\u00f3n, la agricultura, las comunicaciones, los transportes,\nla inmigraci\u00f3n y la incorporaci\u00f3n de la Argentina al mercado mundial como\nproveedora de materias primas y compradora de manufacturas.<\/p>\n\n\n\n<p><strong>Rep\u00fablica liberal (1880-1916)<\/strong><br>\nEn 1880 lleg\u00f3 al poder el general Julio A. Roca, quien consolid\u00f3 el modelo\necon\u00f3mico agroexportador y el modelo pol\u00edtico conservador basado en el fraude\nelectoral y la exclusi\u00f3n de la mayor\u00eda de la poblaci\u00f3n de la vida pol\u00edtica. Se\nincrementaron notablemente las inversiones inglesas en bancos, frigor\u00edficos y\nferrocarriles y creci\u00f3 nuestra deuda externa. En 1890 se produjo una grave\ncrisis financiera en la que se cristalizaron distintas oposiciones al r\u00e9gimen\ngobernante. Por el lado pol\u00edtico, la Uni\u00f3n C\u00edvica Radical luchaba por la\nlimpieza electoral y contra la corrupci\u00f3n, mientras que, por el lado social, el\nmovimiento obrero peleaba por la dignidad de los trabajadores desde los gremios\nsocialistas y anarquistas.<\/p>\n\n\n\n<p>La lucha radical, expresada en las revoluciones de 1893 y 1905, y el creciente descontento social, expresado por innumerables huelgas, llevaron a un sector de la clase dominante a impulsar una reforma electoral para calmar los \u00e1nimos y trasladar la discusi\u00f3n pol\u00edtica de las calles al parlamento. En 1912, el presidente Roque S\u00e1enz Pe\u00f1a logr\u00f3 la sanci\u00f3n de la ley que lleva su nombre y que estableci\u00f3 el voto secreto y obligatorio.<\/p>\n<div class=\"pvc_clear\"><\/div><p id=\"pvc_stats_1798\" class=\"pvc_stats all  \" data-element-id=\"1798\" style=\"\"><i class=\"pvc-stats-icon medium\" aria-hidden=\"true\"><svg aria-hidden=\"true\" focusable=\"false\" data-prefix=\"far\" data-icon=\"chart-bar\" role=\"img\" xmlns=\"http:\/\/www.w3.org\/2000\/svg\" viewBox=\"0 0 512 512\" class=\"svg-inline--fa fa-chart-bar fa-w-16 fa-2x\"><path fill=\"currentColor\" d=\"M396.8 352h22.4c6.4 0 12.8-6.4 12.8-12.8V108.8c0-6.4-6.4-12.8-12.8-12.8h-22.4c-6.4 0-12.8 6.4-12.8 12.8v230.4c0 6.4 6.4 12.8 12.8 12.8zm-192 0h22.4c6.4 0 12.8-6.4 12.8-12.8V140.8c0-6.4-6.4-12.8-12.8-12.8h-22.4c-6.4 0-12.8 6.4-12.8 12.8v198.4c0 6.4 6.4 12.8 12.8 12.8zm96 0h22.4c6.4 0 12.8-6.4 12.8-12.8V204.8c0-6.4-6.4-12.8-12.8-12.8h-22.4c-6.4 0-12.8 6.4-12.8 12.8v134.4c0 6.4 6.4 12.8 12.8 12.8zM496 400H48V80c0-8.84-7.16-16-16-16H16C7.16 64 0 71.16 0 80v336c0 17.67 14.33 32 32 32h464c8.84 0 16-7.16 16-16v-16c0-8.84-7.16-16-16-16zm-387.2-48h22.4c6.4 0 12.8-6.4 12.8-12.8v-70.4c0-6.4-6.4-12.8-12.8-12.8h-22.4c-6.4 0-12.8 6.4-12.8 12.8v70.4c0 6.4 6.4 12.8 12.8 12.8z\" class=\"\"><\/path><\/svg><\/i> <img loading=\"lazy\" decoding=\"async\" width=\"16\" height=\"16\" alt=\"Loading\" src=\"https:\/\/victorhutt.com.ar\/wp-content\/plugins\/page-views-count\/ajax-loader-2x.gif\" border=0 \/><\/p><div class=\"pvc_clear\"><\/div>","protected":false},"excerpt":{"rendered":"<p>TRABAJO PR\u00c1CTICO N\u00b03 ESCUELA: ESA N\u00b012 \u201c25 de Junio\u201d Curso: 3ro D Alumno\/a: Profesor: Patricia Ruiz Garc\u00eda A\u00f1o Lectivo: 2020 Historia Argentina Despu\u00e9s de haber trabajado con la primera etapa de la historia Argentina hasta 1820, donde lo que entonces, aun no era la Republica Argentina, tal y como la conocemos hoy en dia; era un territorio que intentaba ser gobernado por diversas facciones pol\u00edticas, que lo llevaron a la casi anarqu\u00eda, por la falta de Gobierno Central, ya que hasta llego la desaparici\u00f3n de los Directorios Supremos; este territorio que eran por aquel entonces las Provincias Unidas del Rio<\/p>\n<div class=\"pvc_clear\"><\/div>\n<p id=\"pvc_stats_1798\" class=\"pvc_stats all  \" data-element-id=\"1798\" style=\"\"><i class=\"pvc-stats-icon medium\" aria-hidden=\"true\"><svg aria-hidden=\"true\" focusable=\"false\" data-prefix=\"far\" data-icon=\"chart-bar\" role=\"img\" xmlns=\"http:\/\/www.w3.org\/2000\/svg\" viewBox=\"0 0 512 512\" class=\"svg-inline--fa fa-chart-bar fa-w-16 fa-2x\"><path fill=\"currentColor\" d=\"M396.8 352h22.4c6.4 0 12.8-6.4 12.8-12.8V108.8c0-6.4-6.4-12.8-12.8-12.8h-22.4c-6.4 0-12.8 6.4-12.8 12.8v230.4c0 6.4 6.4 12.8 12.8 12.8zm-192 0h22.4c6.4 0 12.8-6.4 12.8-12.8V140.8c0-6.4-6.4-12.8-12.8-12.8h-22.4c-6.4 0-12.8 6.4-12.8 12.8v198.4c0 6.4 6.4 12.8 12.8 12.8zm96 0h22.4c6.4 0 12.8-6.4 12.8-12.8V204.8c0-6.4-6.4-12.8-12.8-12.8h-22.4c-6.4 0-12.8 6.4-12.8 12.8v134.4c0 6.4 6.4 12.8 12.8 12.8zM496 400H48V80c0-8.84-7.16-16-16-16H16C7.16 64 0 71.16 0 80v336c0 17.67 14.33 32 32 32h464c8.84 0 16-7.16 16-16v-16c0-8.84-7.16-16-16-16zm-387.2-48h22.4c6.4 0 12.8-6.4 12.8-12.8v-70.4c0-6.4-6.4-12.8-12.8-12.8h-22.4c-6.4 0-12.8 6.4-12.8 12.8v70.4c0 6.4 6.4 12.8 12.8 12.8z\" class=\"\"><\/path><\/svg><\/i> <img loading=\"lazy\" decoding=\"async\" width=\"16\" height=\"16\" alt=\"Loading\" src=\"https:\/\/victorhutt.com.ar\/wp-content\/plugins\/page-views-count\/ajax-loader-2x.gif\" border=0 \/><\/p>\n<div class=\"pvc_clear\"><\/div>\n","protected":false},"author":1,"featured_media":0,"comment_status":"open","ping_status":"closed","sticky":false,"template":"","format":"standard","meta":{"om_disable_all_campaigns":false,"_monsterinsights_skip_tracking":false,"_monsterinsights_sitenote_active":false,"_monsterinsights_sitenote_note":"","_monsterinsights_sitenote_category":0,"footnotes":"","_links_to":"","_links_to_target":""},"categories":[32,2],"tags":[],"class_list":["post-1798","post","type-post","status-publish","format-standard","hentry","category-3d","category-esa12"],"a3_pvc":{"activated":true,"total_views":11,"today_views":0},"jetpack_featured_media_url":"","_links":{"self":[{"href":"https:\/\/victorhutt.com.ar\/index.php\/wp-json\/wp\/v2\/posts\/1798","targetHints":{"allow":["GET"]}}],"collection":[{"href":"https:\/\/victorhutt.com.ar\/index.php\/wp-json\/wp\/v2\/posts"}],"about":[{"href":"https:\/\/victorhutt.com.ar\/index.php\/wp-json\/wp\/v2\/types\/post"}],"author":[{"embeddable":true,"href":"https:\/\/victorhutt.com.ar\/index.php\/wp-json\/wp\/v2\/users\/1"}],"replies":[{"embeddable":true,"href":"https:\/\/victorhutt.com.ar\/index.php\/wp-json\/wp\/v2\/comments?post=1798"}],"version-history":[{"count":2,"href":"https:\/\/victorhutt.com.ar\/index.php\/wp-json\/wp\/v2\/posts\/1798\/revisions"}],"predecessor-version":[{"id":1801,"href":"https:\/\/victorhutt.com.ar\/index.php\/wp-json\/wp\/v2\/posts\/1798\/revisions\/1801"}],"wp:attachment":[{"href":"https:\/\/victorhutt.com.ar\/index.php\/wp-json\/wp\/v2\/media?parent=1798"}],"wp:term":[{"taxonomy":"category","embeddable":true,"href":"https:\/\/victorhutt.com.ar\/index.php\/wp-json\/wp\/v2\/categories?post=1798"},{"taxonomy":"post_tag","embeddable":true,"href":"https:\/\/victorhutt.com.ar\/index.php\/wp-json\/wp\/v2\/tags?post=1798"}],"curies":[{"name":"wp","href":"https:\/\/api.w.org\/{rel}","templated":true}]}}