{"id":1416,"date":"2019-09-07T19:48:42","date_gmt":"2019-09-07T22:48:42","guid":{"rendered":"http:\/\/victorhutt.com.ar\/?p=1416"},"modified":"2020-05-24T19:49:36","modified_gmt":"2020-05-24T22:49:36","slug":"el-ser-pro","status":"publish","type":"post","link":"https:\/\/victorhutt.com.ar\/index.php\/2019\/09\/07\/el-ser-pro\/","title":{"rendered":"EL SER PRO"},"content":{"rendered":"\n<p>07\/09\/2019<\/p>\n\n\n\n<p> Los gobiernos pasan, las pol\u00edticas econ\u00f3micas pasan, pero quedan las sociedades y sus profundidades, sus convicciones, sus amores y sus odios.<br> La contienda electoral a nivel nacional se muestra como muy distinta a aquella que vivi\u00e9ramos en el 2015, aquella que origin\u00f3 la m\u00e1s profunda crisis social en la Argentina en los \u00faltimos a\u00f1os, y eso trae ilusiones de una mejora de las condiciones sociales.<br> En aquella elecci\u00f3n del 2015 un 51% de la sociedad vot\u00f3 a un presidente que vino a reducir derechos, a empobrecer a los m\u00e1s pobres y enriquecer a los m\u00e1s ricos, que trajo desnutrici\u00f3n y enfermedades a millones de ni\u00f1os, que hizo padecer los peores a\u00f1os de sus vidas a nuestros viejos y la lista de maldades es interminable, incluyendo la muerte de seres humanos de la calidad solidaria de Santiago Maldonado.<br> Actualmente si observamos el resultado de las PASO y las encuestas posteriores, ese modelo de gobierno encabezado por Macri y empeorado por Pichetto estar\u00eda recibiendo alrededor de un 30% de los votos, de los apoyos para seguir, ante esto surgen algunas reflexiones.<br> Claramente se observa que estamos ante la presencia de un 20% del electorado que vot\u00f3 a Macri en el 2015 y no lo va a votar en el 2019 y esto ilusiona en cuanto a que ese modelo de gobierno no va a continuar, pero no me quiero quedar solo en los resultado electorales, que son sin dudas importantes pero tienen un efecto a corto plazo, quiero intentar analizar en profundidad el sentido de esos votos, porque cada voto expresa las convicciones del votante, m\u00e1s all\u00e1 de la elecci\u00f3n de un gobernante, el voto muestra los sentidos profundos de una sociedad y sobre eso me planteo algunas dudas.<br> Surgen preguntas para las cuales por ahora no tengo las respuestas, solo preocupaciones.<br> En el 2015 se vot\u00f3 un discurso que adem\u00e1s de prometer el progreso econ\u00f3mico ven\u00eda acompa\u00f1ado de un discurso en el cual se observaba el desprecio por la ayuda a los m\u00e1s humildes, la condena hacia la pobreza, el cuestionamiento de los derechos de los trabajadores, este discurso se escondi\u00f3 un poco en campa\u00f1a pero luego se clarific\u00f3 en las acciones de gobierno sin perder el apoyo de ese 51% que, habiendo comprobado sus maldades, volvi\u00f3 a acompa\u00f1ar en el 2017, se sigui\u00f3 apoyando a pesar de haber destruido el sistema solidario de jubilaciones, hambreando a los m\u00e1s viejos y licuando sus reservas, que abandon\u00f3 la escuela p\u00fablica vaci\u00e1ndola de recursos y popularizando la expresi\u00f3n \u201ccaer en la Escuela P\u00fablica\u201d, que avanz\u00f3 en la desprotecci\u00f3n de los trabajadores en un camino a una p\u00e9sima reforma laboral que pudo ser frenada por la movilizaci\u00f3n de los trabajadores, que fren\u00f3 la producci\u00f3n haciendo desaparecer miles de empresas y tirando a la calle a sus trabajadores, que desfinanci\u00f3 el sistema de salud p\u00fablica llegando a negar las vacunas necesarias para la poblaci\u00f3n, habiendo mostrado todo esto sigui\u00f3 siendo acompa\u00f1ado por sus votantes.<br> Desde mediados del 2018 y durante lo que va del 2019 comenz\u00f3 a perder el apoyo de sus votantes, motivado principalmente por el rotundo fracaso de su pol\u00edtica econ\u00f3mica, por ser el modelo mundial del desastre econ\u00f3mico.<br> La pregunta es, aquellos votantes que acompa\u00f1aron a pesar su masacre social, \u00bfsiguen creyendo en las pol\u00edticas de quita de derechos?, \u00bfle quitan el voto, pero siguen compartiendo los discursos miserables del mundo PRO?, \u00bfal rechazar a Macri para la presidencia tambi\u00e9n est\u00e1n rechazando el discurso PRO?<br> Si solo votan contra Macri por su fracaso econ\u00f3mico pero siguen pensando en que el que trabaj\u00f3 en negro no merece jubilaci\u00f3n, si siguen pensando que los ni\u00f1os que nacen pobres se merecen seguir siendo pobres y el Estado no tiene que ayudar y esa caterva de miserias humanas que se han multiplicado en estos tiempos, podr\u00e1 ganar Alberto Fern\u00e1ndez y Cristina Kirchner, pero como sociedad seguimos perdiendo contra el ego\u00edsmo, contra el individualismo, contra la meritocracia, me alegrar\u00e1 ver el cambio de gobierno el 10 de diciembre, pero seguir\u00e9 sufriendo la tristeza de vivir en una sociedad tan alejada del amor al pr\u00f3jimo.<br> La duda est\u00e1 en ese 20% que cambia su voto, en sus verdaderas motivaciones para cambiar respecto a 2015, pero mucho m\u00e1s preocupante es comprobar que a pesar del rotundo fracaso del gobierno de Macri, siguen eligi\u00e9ndolo porque comparten el discurso discriminador, xen\u00f3fobo y antipopular del PRO, hoy llamado \u201cJuntos por el Cambio\u201d, preocupa adem\u00e1s por entender que Macri ha gobernado para un 10% acomodado, lo que muestra que ah\u00ed hay un 20% que a pesar de sufrir en carne propia el da\u00f1o a la econom\u00eda que nos produjeron, siente con m\u00e1s fuerza para determinar su voto, la necesidad de acompa\u00f1ar el discurso social miserable del PRO, ese acumulado social constituye el SER PRO, que no es principalmente un modelo econ\u00f3mico sino un modelo de humanidad, despreciable por cierto.<br> Pero otra preocupaci\u00f3n que tengo es que el SER PRO no solo est\u00e1 en el PRO, muchos de ellos se infiltran en otros sectores pol\u00edticos, son los que priorizan el beneficio econ\u00f3mico personal por sobre el beneficio de la sociedad y esto trae aparejada la existencia de hechos de corrupci\u00f3n, no son dirigentes populares los corruptos, son SER PRO despreciables infiltrados en propuestas populares, por eso pueden votar contra Macri, estar en partidos que enfrenta a Macri, pero son traidores a los sectores en los que participan, son miserables m\u00e1s all\u00e1 de sus pertenencias partidarias.<br> Por todo esto no todo se define el 27 de Octubre, luego de ese d\u00eda tendremos que seguir trabajando desde nuestra m\u00e1s profunda humanidad para luchar contra el SER PRO que habita en nuestra sociedad, para construir una sociedad m\u00e1s humana, m\u00e1s justa, que merezca ser vivida, que nos d\u00e9 tranquilidad de vida y que resuelva las diferencias a favor del amor al pr\u00f3jimo.<\/p>\n<div class=\"pvc_clear\"><\/div><p id=\"pvc_stats_1416\" class=\"pvc_stats all  \" data-element-id=\"1416\" style=\"\"><i class=\"pvc-stats-icon medium\" aria-hidden=\"true\"><svg aria-hidden=\"true\" focusable=\"false\" data-prefix=\"far\" data-icon=\"chart-bar\" role=\"img\" xmlns=\"http:\/\/www.w3.org\/2000\/svg\" viewBox=\"0 0 512 512\" class=\"svg-inline--fa fa-chart-bar fa-w-16 fa-2x\"><path fill=\"currentColor\" d=\"M396.8 352h22.4c6.4 0 12.8-6.4 12.8-12.8V108.8c0-6.4-6.4-12.8-12.8-12.8h-22.4c-6.4 0-12.8 6.4-12.8 12.8v230.4c0 6.4 6.4 12.8 12.8 12.8zm-192 0h22.4c6.4 0 12.8-6.4 12.8-12.8V140.8c0-6.4-6.4-12.8-12.8-12.8h-22.4c-6.4 0-12.8 6.4-12.8 12.8v198.4c0 6.4 6.4 12.8 12.8 12.8zm96 0h22.4c6.4 0 12.8-6.4 12.8-12.8V204.8c0-6.4-6.4-12.8-12.8-12.8h-22.4c-6.4 0-12.8 6.4-12.8 12.8v134.4c0 6.4 6.4 12.8 12.8 12.8zM496 400H48V80c0-8.84-7.16-16-16-16H16C7.16 64 0 71.16 0 80v336c0 17.67 14.33 32 32 32h464c8.84 0 16-7.16 16-16v-16c0-8.84-7.16-16-16-16zm-387.2-48h22.4c6.4 0 12.8-6.4 12.8-12.8v-70.4c0-6.4-6.4-12.8-12.8-12.8h-22.4c-6.4 0-12.8 6.4-12.8 12.8v70.4c0 6.4 6.4 12.8 12.8 12.8z\" class=\"\"><\/path><\/svg><\/i> <img loading=\"lazy\" decoding=\"async\" width=\"16\" height=\"16\" alt=\"Loading\" src=\"https:\/\/victorhutt.com.ar\/wp-content\/plugins\/page-views-count\/ajax-loader-2x.gif\" border=0 \/><\/p><div class=\"pvc_clear\"><\/div>","protected":false},"excerpt":{"rendered":"<p>07\/09\/2019 Los gobiernos pasan, las pol\u00edticas econ\u00f3micas pasan, pero quedan las sociedades y sus profundidades, sus convicciones, sus amores y sus odios. La contienda electoral a nivel nacional se muestra como muy distinta a aquella que vivi\u00e9ramos en el 2015, aquella que origin\u00f3 la m\u00e1s profunda crisis social en la Argentina en los \u00faltimos a\u00f1os, y eso trae ilusiones de una mejora de las condiciones sociales. En aquella elecci\u00f3n del 2015 un 51% de la sociedad vot\u00f3 a un presidente que vino a reducir derechos, a empobrecer a los m\u00e1s pobres y enriquecer a los m\u00e1s ricos, que trajo desnutrici\u00f3n<\/p>\n<div class=\"pvc_clear\"><\/div>\n<p id=\"pvc_stats_1416\" class=\"pvc_stats all  \" data-element-id=\"1416\" style=\"\"><i class=\"pvc-stats-icon medium\" aria-hidden=\"true\"><svg aria-hidden=\"true\" focusable=\"false\" data-prefix=\"far\" data-icon=\"chart-bar\" role=\"img\" xmlns=\"http:\/\/www.w3.org\/2000\/svg\" viewBox=\"0 0 512 512\" class=\"svg-inline--fa fa-chart-bar fa-w-16 fa-2x\"><path fill=\"currentColor\" d=\"M396.8 352h22.4c6.4 0 12.8-6.4 12.8-12.8V108.8c0-6.4-6.4-12.8-12.8-12.8h-22.4c-6.4 0-12.8 6.4-12.8 12.8v230.4c0 6.4 6.4 12.8 12.8 12.8zm-192 0h22.4c6.4 0 12.8-6.4 12.8-12.8V140.8c0-6.4-6.4-12.8-12.8-12.8h-22.4c-6.4 0-12.8 6.4-12.8 12.8v198.4c0 6.4 6.4 12.8 12.8 12.8zm96 0h22.4c6.4 0 12.8-6.4 12.8-12.8V204.8c0-6.4-6.4-12.8-12.8-12.8h-22.4c-6.4 0-12.8 6.4-12.8 12.8v134.4c0 6.4 6.4 12.8 12.8 12.8zM496 400H48V80c0-8.84-7.16-16-16-16H16C7.16 64 0 71.16 0 80v336c0 17.67 14.33 32 32 32h464c8.84 0 16-7.16 16-16v-16c0-8.84-7.16-16-16-16zm-387.2-48h22.4c6.4 0 12.8-6.4 12.8-12.8v-70.4c0-6.4-6.4-12.8-12.8-12.8h-22.4c-6.4 0-12.8 6.4-12.8 12.8v70.4c0 6.4 6.4 12.8 12.8 12.8z\" class=\"\"><\/path><\/svg><\/i> <img loading=\"lazy\" decoding=\"async\" width=\"16\" height=\"16\" alt=\"Loading\" src=\"https:\/\/victorhutt.com.ar\/wp-content\/plugins\/page-views-count\/ajax-loader-2x.gif\" border=0 \/><\/p>\n<div class=\"pvc_clear\"><\/div>\n","protected":false},"author":1,"featured_media":0,"comment_status":"open","ping_status":"open","sticky":false,"template":"","format":"standard","meta":{"om_disable_all_campaigns":false,"_monsterinsights_skip_tracking":false,"_monsterinsights_sitenote_active":false,"_monsterinsights_sitenote_note":"","_monsterinsights_sitenote_category":0,"footnotes":"","_links_to":"","_links_to_target":""},"categories":[33],"tags":[],"class_list":["post-1416","post","type-post","status-publish","format-standard","hentry","category-mistextos"],"a3_pvc":{"activated":true,"total_views":12,"today_views":0},"jetpack_featured_media_url":"","_links":{"self":[{"href":"https:\/\/victorhutt.com.ar\/index.php\/wp-json\/wp\/v2\/posts\/1416","targetHints":{"allow":["GET"]}}],"collection":[{"href":"https:\/\/victorhutt.com.ar\/index.php\/wp-json\/wp\/v2\/posts"}],"about":[{"href":"https:\/\/victorhutt.com.ar\/index.php\/wp-json\/wp\/v2\/types\/post"}],"author":[{"embeddable":true,"href":"https:\/\/victorhutt.com.ar\/index.php\/wp-json\/wp\/v2\/users\/1"}],"replies":[{"embeddable":true,"href":"https:\/\/victorhutt.com.ar\/index.php\/wp-json\/wp\/v2\/comments?post=1416"}],"version-history":[{"count":1,"href":"https:\/\/victorhutt.com.ar\/index.php\/wp-json\/wp\/v2\/posts\/1416\/revisions"}],"predecessor-version":[{"id":1417,"href":"https:\/\/victorhutt.com.ar\/index.php\/wp-json\/wp\/v2\/posts\/1416\/revisions\/1417"}],"wp:attachment":[{"href":"https:\/\/victorhutt.com.ar\/index.php\/wp-json\/wp\/v2\/media?parent=1416"}],"wp:term":[{"taxonomy":"category","embeddable":true,"href":"https:\/\/victorhutt.com.ar\/index.php\/wp-json\/wp\/v2\/categories?post=1416"},{"taxonomy":"post_tag","embeddable":true,"href":"https:\/\/victorhutt.com.ar\/index.php\/wp-json\/wp\/v2\/tags?post=1416"}],"curies":[{"name":"wp","href":"https:\/\/api.w.org\/{rel}","templated":true}]}}